{"id":15574,"date":"2024-02-22T19:46:32","date_gmt":"2024-02-22T22:46:32","guid":{"rendered":"https:\/\/radionewsmisiones.ar\/site\/?p=15574"},"modified":"2024-02-22T19:46:37","modified_gmt":"2024-02-22T22:46:37","slug":"prevencion-comision-del-consejo-consultivo-para-la-prevencion-y-abordaje-de-las-adicciones","status":"publish","type":"post","link":"https:\/\/radionewsmisiones.ar\/site\/provinciales\/prevencion-comision-del-consejo-consultivo-para-la-prevencion-y-abordaje-de-las-adicciones\/","title":{"rendered":"Prevenci\u00f3n: comisi\u00f3n del Consejo Consultivo para la prevenci\u00f3n y abordaje de las adicciones"},"content":{"rendered":"\n<p>En Leandro N.Alem se realiz\u00f3 la presentaci\u00f3n de la Comisi\u00f3n del Consejo Consultivo para la Prevenci\u00f3n, Abordaje de Adicciones y Consumos Problem\u00e1ticos.<\/p>\n\n\n\n<figure class=\"wp-block-image size-large\"><img loading=\"lazy\" width=\"1024\" height=\"682\" src=\"https:\/\/radionewsmisiones.ar\/site\/wp-content\/uploads\/2024\/02\/prev-scaled-1-1024x682.jpg\" alt=\"\" class=\"wp-image-15575\" srcset=\"https:\/\/radionewsmisiones.ar\/site\/wp-content\/uploads\/2024\/02\/prev-scaled-1-1024x682.jpg 1024w, https:\/\/radionewsmisiones.ar\/site\/wp-content\/uploads\/2024\/02\/prev-scaled-1-300x200.jpg 300w, https:\/\/radionewsmisiones.ar\/site\/wp-content\/uploads\/2024\/02\/prev-scaled-1-768x512.jpg 768w, https:\/\/radionewsmisiones.ar\/site\/wp-content\/uploads\/2024\/02\/prev-scaled-1-1536x1024.jpg 1536w, https:\/\/radionewsmisiones.ar\/site\/wp-content\/uploads\/2024\/02\/prev-scaled-1-2048x1365.jpg 2048w\" sizes=\"(max-width: 1024px) 100vw, 1024px\" \/><\/figure>\n\n\n\n<p>La ceremonia cont\u00f3 con la presencia del Sr. Intendente, Dr. Mat\u00edas Sebely, el Secretario de Estado de la Provincia, Mgtr. Samuel L\u00f3pez, el Subsecretario de Prevenci\u00f3n de Adicciones y Monitoreo Territorial Roberto Padilla, miembros del Honorable Concejo Deliberante (HCD), representantes del Poder Judicial, autoridades de Salud P\u00fablica, representantes de las Fuerzas de Seguridad de la UR-VI, miembros del Consejo de Pastores y el Equipo Municipal.<\/p>\n\n\n\n<p>El Intendente expres\u00f3 \u00abla importancia de que cada participante aporte ideas y proyectos en los pr\u00f3ximos quince d\u00edas para abordar las problem\u00e1ticas y establecer l\u00edneas de acci\u00f3n directas.\u00bb<\/p>\n\n\n\n<p>El Secretario manifest\u00f3 su disposici\u00f3n para coordinar actividades entre la Provincia y el Municipio en el abordaje y la prevenci\u00f3n de la problem\u00e1tica.<\/p>\n\n\n\n<p>Para concluir, el Presidente del HCD, Lic. Helard Feltan, entreg\u00f3 la Declaraci\u00f3n de Inter\u00e9s Municipal<\/p>\n","protected":false},"excerpt":{"rendered":"<p>En Leandro N.Alem se realiz&oacute; la presentaci&oacute;n de la Comisi&oacute;n del Consejo Consultivo para la Prevenci&oacute;n, Abordaje de Adicciones y Consumos Problem&aacute;ticos. La ceremonia cont&oacute; con la presencia del Sr.&hellip; <\/p>\n","protected":false},"author":3,"featured_media":15575,"comment_status":"closed","ping_status":"open","sticky":false,"template":"","format":"standard","meta":{"_monsterinsights_skip_tracking":false,"_monsterinsights_sitenote_active":false,"_monsterinsights_sitenote_note":"","_monsterinsights_sitenote_category":0},"categories":[3],"tags":[154],"aioseo_notices":[],"_links":{"self":[{"href":"https:\/\/radionewsmisiones.ar\/site\/wp-json\/wp\/v2\/posts\/15574"}],"collection":[{"href":"https:\/\/radionewsmisiones.ar\/site\/wp-json\/wp\/v2\/posts"}],"about":[{"href":"https:\/\/radionewsmisiones.ar\/site\/wp-json\/wp\/v2\/types\/post"}],"author":[{"embeddable":true,"href":"https:\/\/radionewsmisiones.ar\/site\/wp-json\/wp\/v2\/users\/3"}],"replies":[{"embeddable":true,"href":"https:\/\/radionewsmisiones.ar\/site\/wp-json\/wp\/v2\/comments?post=15574"}],"version-history":[{"count":1,"href":"https:\/\/radionewsmisiones.ar\/site\/wp-json\/wp\/v2\/posts\/15574\/revisions"}],"predecessor-version":[{"id":15576,"href":"https:\/\/radionewsmisiones.ar\/site\/wp-json\/wp\/v2\/posts\/15574\/revisions\/15576"}],"wp:featuredmedia":[{"embeddable":true,"href":"https:\/\/radionewsmisiones.ar\/site\/wp-json\/wp\/v2\/media\/15575"}],"wp:attachment":[{"href":"https:\/\/radionewsmisiones.ar\/site\/wp-json\/wp\/v2\/media?parent=15574"}],"wp:term":[{"taxonomy":"category","embeddable":true,"href":"https:\/\/radionewsmisiones.ar\/site\/wp-json\/wp\/v2\/categories?post=15574"},{"taxonomy":"post_tag","embeddable":true,"href":"https:\/\/radionewsmisiones.ar\/site\/wp-json\/wp\/v2\/tags?post=15574"}],"curies":[{"name":"wp","href":"https:\/\/api.w.org\/{rel}","templated":true}]}}