{"id":1562,"date":"2022-09-07T10:08:46","date_gmt":"2022-09-07T13:08:46","guid":{"rendered":"https:\/\/radionewsmisiones.ar\/site\/?p=1562"},"modified":"2022-09-07T10:08:54","modified_gmt":"2022-09-07T13:08:54","slug":"dia-mundial-de-la-prevencion-del-suicidio-se-realizaran-actividades-de-prevencion-y-promocion-durante-todo-el-mes","status":"publish","type":"post","link":"https:\/\/radionewsmisiones.ar\/site\/provinciales\/dia-mundial-de-la-prevencion-del-suicidio-se-realizaran-actividades-de-prevencion-y-promocion-durante-todo-el-mes\/","title":{"rendered":"D\u00eda Mundial de la Prevenci\u00f3n del Suicidio: Se realizar\u00e1n actividades de prevenci\u00f3n y promoci\u00f3n durante todo el mes"},"content":{"rendered":"\n<p>Cada 10 de septiembre se celebra el D\u00eda Mundial de la Prevenci\u00f3n contra el Suicidio.<\/p>\n\n\n\n<figure class=\"wp-block-image size-full\"><img loading=\"lazy\" width=\"275\" height=\"183\" src=\"https:\/\/radionewsmisiones.ar\/site\/wp-content\/uploads\/2022\/09\/suicidio.jpg\" alt=\"\" class=\"wp-image-1563\"\/><\/figure>\n\n\n\n<p><br>Este a\u00f1o ser\u00e1 bajo la premisa \u201cPrevenir para Vivir\u201d con el objetivo de concientizar a nivel mundial en el abordaje preventivo de esta problem\u00e1tica.<br>En ese contexto la Direcci\u00f3n Provincial de Salud Mental del Ministerio de Salud P\u00fablica llevar\u00e1 a cabo una serie de actividades de sensibilizaci\u00f3n y orientaci\u00f3n integral durante todo el mes de septiembre en espacios p\u00fablicos, recreativos y escuelas.<\/p>\n\n\n\n<p><br>Ma\u00f1ana, 7 de septiembre se desarrollar\u00e1 en el IPESMI un taller preventivo desde las 9 horas, dirigido a los estudiantes.<br>El viernes 9 de septiembre se realizar\u00e1 una jornada de capacitaci\u00f3n en el abordaje de la problem\u00e1tica del suicidio en los medios: claves para una comunicaci\u00f3n responsable, desde las 14 horas en el Sal\u00f3n de las Dos Constituciones de la C\u00e1mara de Representantes.<\/p>\n\n\n\n<p> Links para inscripci\u00f3n:<br>https:\/\/docs.google.com\/forms\/d\/e\/1FAIpQLSdl5TP7BhpnzXlpc28X6P0c7eL44LwgY9A<br>9SBwIzizJnN9R9A\/viewform?usp=send_form<br>El s\u00e1bado 10 de septiembre se estar\u00e1 sensibilizando sobre esta problem\u00e1tica en la plaza 9 de Julio de Posadas, a partir de las 10 horas, en tanto que el lunes 12 se replicar\u00e1 la acci\u00f3n n en la plaza de Itaemb\u00e9 Guaz\u00fa de 9 a 12 horas.<\/p>\n\n\n\n<p><br>Durante la jornada del martes 13, en el sal\u00f3n Eva Per\u00f3n del Centro de Convenciones se dictar\u00e1 la capacitaci\u00f3n sobre orientaciones para el abordaje integral de la problem\u00e1tica del suicidio en la poblaci\u00f3n adolescente desde las 8 horas.<br>Seguidamente, el mi\u00e9rcoles 14 se brindar\u00e1n talleres preventivos en las escuelas secundarias CEP N\u00b04 y Colegio Provincial N\u00b01 de Posadas desde las 8.30 horas y en Eldorado de 8 a 12 horas se capacitar\u00e1n a agentes sanitarios en la prevenci\u00f3n del suicidio de la salud ind\u00edgena.<br>En la Facultad de Ciencias Econ\u00f3micas dar\u00e1n charlas preventivas desde las 9 horas el viernes 26 de septiembre.<\/p>\n\n\n\n<p>En la ma\u00f1ana del lunes 19 se estar\u00e1 llevando a cabo la firma de convenio con la Asociaci\u00f3n Argentina de Salud Mental y la Asociaci\u00f3n Defender la Vida en oficinas de la sede ministerial.<br>El viernes 23 y s\u00e1bado 24 estar\u00e1n apostados en el cuarto tramo de la costanera desde<br>las 17 horas con tareas de sensibilizaci\u00f3n.<br>Por \u00faltimo, el 28 de septiembre se realizar\u00e1 el cierre de campa\u00f1a en la Escuela para<br>J\u00f3venes y Adultos a las 19 horas.<\/p>\n","protected":false},"excerpt":{"rendered":"<p>Cada 10 de septiembre se celebra el D&iacute;a Mundial de la Prevenci&oacute;n contra el Suicidio. Este a&ntilde;o ser&aacute; bajo la premisa &ldquo;Prevenir para Vivir&rdquo; con el objetivo de concientizar a&hellip; <\/p>\n","protected":false},"author":3,"featured_media":1563,"comment_status":"closed","ping_status":"open","sticky":false,"template":"","format":"standard","meta":{"_monsterinsights_skip_tracking":false,"_monsterinsights_sitenote_active":false,"_monsterinsights_sitenote_note":"","_monsterinsights_sitenote_category":0},"categories":[3],"tags":[],"aioseo_notices":[],"_links":{"self":[{"href":"https:\/\/radionewsmisiones.ar\/site\/wp-json\/wp\/v2\/posts\/1562"}],"collection":[{"href":"https:\/\/radionewsmisiones.ar\/site\/wp-json\/wp\/v2\/posts"}],"about":[{"href":"https:\/\/radionewsmisiones.ar\/site\/wp-json\/wp\/v2\/types\/post"}],"author":[{"embeddable":true,"href":"https:\/\/radionewsmisiones.ar\/site\/wp-json\/wp\/v2\/users\/3"}],"replies":[{"embeddable":true,"href":"https:\/\/radionewsmisiones.ar\/site\/wp-json\/wp\/v2\/comments?post=1562"}],"version-history":[{"count":1,"href":"https:\/\/radionewsmisiones.ar\/site\/wp-json\/wp\/v2\/posts\/1562\/revisions"}],"predecessor-version":[{"id":1564,"href":"https:\/\/radionewsmisiones.ar\/site\/wp-json\/wp\/v2\/posts\/1562\/revisions\/1564"}],"wp:featuredmedia":[{"embeddable":true,"href":"https:\/\/radionewsmisiones.ar\/site\/wp-json\/wp\/v2\/media\/1563"}],"wp:attachment":[{"href":"https:\/\/radionewsmisiones.ar\/site\/wp-json\/wp\/v2\/media?parent=1562"}],"wp:term":[{"taxonomy":"category","embeddable":true,"href":"https:\/\/radionewsmisiones.ar\/site\/wp-json\/wp\/v2\/categories?post=1562"},{"taxonomy":"post_tag","embeddable":true,"href":"https:\/\/radionewsmisiones.ar\/site\/wp-json\/wp\/v2\/tags?post=1562"}],"curies":[{"name":"wp","href":"https:\/\/api.w.org\/{rel}","templated":true}]}}