{"id":1567,"date":"2022-09-07T21:37:36","date_gmt":"2022-09-08T00:37:36","guid":{"rendered":"https:\/\/radionewsmisiones.ar\/site\/?p=1567"},"modified":"2022-09-07T21:37:41","modified_gmt":"2022-09-08T00:37:41","slug":"143-pequenos-productores-recibieron-su-cobertura-yerbatera-en-25-de-mayo","status":"publish","type":"post","link":"https:\/\/radionewsmisiones.ar\/site\/provinciales\/143-pequenos-productores-recibieron-su-cobertura-yerbatera-en-25-de-mayo\/","title":{"rendered":"143 peque\u00f1os productores recibieron su Cobertura Yerbatera en 25 de Mayo"},"content":{"rendered":"\n<p>Esta tarde en 25 de Mayo el vicegobernador Carlos Arce presidi\u00f3 la entrega de carnet de Cobertura Yerbatera a 143 peque\u00f1os productores.<\/p>\n\n\n\n<figure class=\"wp-block-image size-large\"><img loading=\"lazy\" width=\"1024\" height=\"682\" src=\"https:\/\/radionewsmisiones.ar\/site\/wp-content\/uploads\/2022\/09\/WhatsApp-Image-2022-09-07-at-19.52.44-1024x682.jpeg\" alt=\"\" class=\"wp-image-1569\" srcset=\"https:\/\/radionewsmisiones.ar\/site\/wp-content\/uploads\/2022\/09\/WhatsApp-Image-2022-09-07-at-19.52.44-1024x682.jpeg 1024w, https:\/\/radionewsmisiones.ar\/site\/wp-content\/uploads\/2022\/09\/WhatsApp-Image-2022-09-07-at-19.52.44-300x200.jpeg 300w, https:\/\/radionewsmisiones.ar\/site\/wp-content\/uploads\/2022\/09\/WhatsApp-Image-2022-09-07-at-19.52.44-768x512.jpeg 768w, https:\/\/radionewsmisiones.ar\/site\/wp-content\/uploads\/2022\/09\/WhatsApp-Image-2022-09-07-at-19.52.44.jpeg 1280w\" sizes=\"(max-width: 1024px) 100vw, 1024px\" \/><\/figure>\n\n\n\n<p><br>25 de Mayo. Hoy se realiz\u00f3 en el SUM de la Ruta N\u00b0 8 de esta localidad la entrega a 143 productores de su Carnet de Cobertura Yerbatera con la presencia del vicegobernador Carlos Arce, el intendente Mario Lindemann, el presidente de IPS Lisandro Benmaor, el ministro del Agro Facundo L\u00f3pez Sartori, la directora del Seguro Provincial de Salud Miriam Krujovski, la Jefa de Depto. de Afiliaciones IPS Graciela Santacatalina, el subgerente de Delegaciones IPS Rodrigo Wdoviak y parte del Directorio de INYM.<\/p>\n\n\n\n<p>En una \u00abreparaci\u00f3n hist\u00f3rica\u00bb como lo destac\u00f3 el vicegobernador Carlos Arce, 143 nuevos beneficiarios suma la Cobertura Yerbatera, y el vicegobernador se refiri\u00f3 a que m\u00e1s misioneros pueden acceder a la salud, ya que no s\u00f3lo es para los productores, sino tambi\u00e9n para sus familias.<\/p>\n\n\n\n<p>Arce tambi\u00e9n remarc\u00f3 la importancia de utilizar esta cobertura no s\u00f3lo en caso de enfermedad, sino tambi\u00e9n para controles, porque la prevenci\u00f3n tambi\u00e9n es necesaria.<\/p>\n\n\n\n<p>Desde Abril a la fecha se llevan entregados un total de 2.352 con familiares inclu\u00eddos.<\/p>\n","protected":false},"excerpt":{"rendered":"<p>Esta tarde en 25 de Mayo el vicegobernador Carlos Arce presidi&oacute; la entrega de carnet de Cobertura Yerbatera a 143 peque&ntilde;os productores. 25 de Mayo. Hoy se realiz&oacute; en el&hellip; <\/p>\n","protected":false},"author":3,"featured_media":1570,"comment_status":"closed","ping_status":"open","sticky":false,"template":"","format":"standard","meta":{"_monsterinsights_skip_tracking":false,"_monsterinsights_sitenote_active":false,"_monsterinsights_sitenote_note":"","_monsterinsights_sitenote_category":0},"categories":[3],"tags":[],"aioseo_notices":[],"_links":{"self":[{"href":"https:\/\/radionewsmisiones.ar\/site\/wp-json\/wp\/v2\/posts\/1567"}],"collection":[{"href":"https:\/\/radionewsmisiones.ar\/site\/wp-json\/wp\/v2\/posts"}],"about":[{"href":"https:\/\/radionewsmisiones.ar\/site\/wp-json\/wp\/v2\/types\/post"}],"author":[{"embeddable":true,"href":"https:\/\/radionewsmisiones.ar\/site\/wp-json\/wp\/v2\/users\/3"}],"replies":[{"embeddable":true,"href":"https:\/\/radionewsmisiones.ar\/site\/wp-json\/wp\/v2\/comments?post=1567"}],"version-history":[{"count":1,"href":"https:\/\/radionewsmisiones.ar\/site\/wp-json\/wp\/v2\/posts\/1567\/revisions"}],"predecessor-version":[{"id":1571,"href":"https:\/\/radionewsmisiones.ar\/site\/wp-json\/wp\/v2\/posts\/1567\/revisions\/1571"}],"wp:featuredmedia":[{"embeddable":true,"href":"https:\/\/radionewsmisiones.ar\/site\/wp-json\/wp\/v2\/media\/1570"}],"wp:attachment":[{"href":"https:\/\/radionewsmisiones.ar\/site\/wp-json\/wp\/v2\/media?parent=1567"}],"wp:term":[{"taxonomy":"category","embeddable":true,"href":"https:\/\/radionewsmisiones.ar\/site\/wp-json\/wp\/v2\/categories?post=1567"},{"taxonomy":"post_tag","embeddable":true,"href":"https:\/\/radionewsmisiones.ar\/site\/wp-json\/wp\/v2\/tags?post=1567"}],"curies":[{"name":"wp","href":"https:\/\/api.w.org\/{rel}","templated":true}]}}