{"id":1572,"date":"2022-09-07T21:39:21","date_gmt":"2022-09-08T00:39:21","guid":{"rendered":"https:\/\/radionewsmisiones.ar\/site\/?p=1572"},"modified":"2022-09-07T21:39:26","modified_gmt":"2022-09-08T00:39:26","slug":"dos-de-mayo-el-vicegobernador-arce-remarco-la-posibilidaddae-dar-respuesta-en-cada-operativo","status":"publish","type":"post","link":"https:\/\/radionewsmisiones.ar\/site\/provinciales\/dos-de-mayo-el-vicegobernador-arce-remarco-la-posibilidaddae-dar-respuesta-en-cada-operativo\/","title":{"rendered":"Dos de Mayo: El vicegobernador Arce remarc\u00f3 la posibilidaddae dar respuesta en cada operativo"},"content":{"rendered":"\n<p>El vicegobernador Carlos Arce visit\u00f3 Dos de Mayo donde se desarroll\u00f3 el Operativo Integral del P.A.S. Interior y junto al coordinador Subsecretario Kike Parra y el intendente recorri\u00f3 la Escuela N\u00b0870.<\/p>\n\n\n\n<figure class=\"wp-block-image size-large\"><img loading=\"lazy\" width=\"1024\" height=\"682\" src=\"https:\/\/radionewsmisiones.ar\/site\/wp-content\/uploads\/2022\/09\/WhatsApp-Image-2022-09-07-at-19.01.25-1024x682.jpeg\" alt=\"\" class=\"wp-image-1573\" srcset=\"https:\/\/radionewsmisiones.ar\/site\/wp-content\/uploads\/2022\/09\/WhatsApp-Image-2022-09-07-at-19.01.25-1024x682.jpeg 1024w, https:\/\/radionewsmisiones.ar\/site\/wp-content\/uploads\/2022\/09\/WhatsApp-Image-2022-09-07-at-19.01.25-300x200.jpeg 300w, https:\/\/radionewsmisiones.ar\/site\/wp-content\/uploads\/2022\/09\/WhatsApp-Image-2022-09-07-at-19.01.25-768x512.jpeg 768w, https:\/\/radionewsmisiones.ar\/site\/wp-content\/uploads\/2022\/09\/WhatsApp-Image-2022-09-07-at-19.01.25.jpeg 1280w\" sizes=\"(max-width: 1024px) 100vw, 1024px\" \/><\/figure>\n\n\n\n<p>Dos de Mayo, 7 de septiembre. Hoy se llev\u00f3 a cabo el operativo integral del Programa Asistencia Solidaria Interior en la Escuela N \u00b0870 con la presencia del vicegobernador Carlos Arce, el coordinador subsecretario Kike Parra, el intendente Jos\u00e9 Luis Garay, el presidente de IPS Lisandro Benmaor, vecinos y vecinas.<\/p>\n\n\n\n<p>El vicegobernador Arce destac\u00f3 la importante concurrencia, \u00abporque eso significa soluciones para m\u00e1s familias, y ese es nuestro principal objetivo, llevar respuestas a los vecinos y vecinas, y no s\u00f3lo con atenci\u00f3n y servicios, sino tambi\u00e9n escuch\u00e1ndolos y conociendo sus inquietudes.\u00bb<\/p>\n\n\n\n<p>En este operativo se brind\u00f3 atenci\u00f3n m\u00e9dica de distintas especialidades y servicios a la comunidad y se realiz\u00f3 la entrega de insumos y elementos a Instituciones Educativas, municipales y vecinos.<\/p>\n\n\n\n<p>Adem\u00e1s del operativo, en paralelo, como parte del Programa se realizaron charlas del Ministerio de Ecolog\u00eda y Recursos Naturales Removables y la Fundaci\u00f3n Misi\u00f3n ODS en la EFA N\u00b0 0209.<\/p>\n","protected":false},"excerpt":{"rendered":"<p>El vicegobernador Carlos Arce visit&oacute; Dos de Mayo donde se desarroll&oacute; el Operativo Integral del P.A.S. Interior y junto al coordinador Subsecretario Kike Parra y el intendente recorri&oacute; la Escuela&hellip; <\/p>\n","protected":false},"author":3,"featured_media":1574,"comment_status":"closed","ping_status":"open","sticky":false,"template":"","format":"standard","meta":{"_monsterinsights_skip_tracking":false,"_monsterinsights_sitenote_active":false,"_monsterinsights_sitenote_note":"","_monsterinsights_sitenote_category":0},"categories":[3],"tags":[39],"aioseo_notices":[],"_links":{"self":[{"href":"https:\/\/radionewsmisiones.ar\/site\/wp-json\/wp\/v2\/posts\/1572"}],"collection":[{"href":"https:\/\/radionewsmisiones.ar\/site\/wp-json\/wp\/v2\/posts"}],"about":[{"href":"https:\/\/radionewsmisiones.ar\/site\/wp-json\/wp\/v2\/types\/post"}],"author":[{"embeddable":true,"href":"https:\/\/radionewsmisiones.ar\/site\/wp-json\/wp\/v2\/users\/3"}],"replies":[{"embeddable":true,"href":"https:\/\/radionewsmisiones.ar\/site\/wp-json\/wp\/v2\/comments?post=1572"}],"version-history":[{"count":1,"href":"https:\/\/radionewsmisiones.ar\/site\/wp-json\/wp\/v2\/posts\/1572\/revisions"}],"predecessor-version":[{"id":1575,"href":"https:\/\/radionewsmisiones.ar\/site\/wp-json\/wp\/v2\/posts\/1572\/revisions\/1575"}],"wp:featuredmedia":[{"embeddable":true,"href":"https:\/\/radionewsmisiones.ar\/site\/wp-json\/wp\/v2\/media\/1574"}],"wp:attachment":[{"href":"https:\/\/radionewsmisiones.ar\/site\/wp-json\/wp\/v2\/media?parent=1572"}],"wp:term":[{"taxonomy":"category","embeddable":true,"href":"https:\/\/radionewsmisiones.ar\/site\/wp-json\/wp\/v2\/categories?post=1572"},{"taxonomy":"post_tag","embeddable":true,"href":"https:\/\/radionewsmisiones.ar\/site\/wp-json\/wp\/v2\/tags?post=1572"}],"curies":[{"name":"wp","href":"https:\/\/api.w.org\/{rel}","templated":true}]}}