{"id":1576,"date":"2022-09-07T21:41:06","date_gmt":"2022-09-08T00:41:06","guid":{"rendered":"https:\/\/radionewsmisiones.ar\/site\/?p=1576"},"modified":"2022-09-07T21:41:11","modified_gmt":"2022-09-08T00:41:11","slug":"una-capacitacion-con-vias-de-inclusion-en-materia-de-derechos-humanos","status":"publish","type":"post","link":"https:\/\/radionewsmisiones.ar\/site\/provinciales\/una-capacitacion-con-vias-de-inclusion-en-materia-de-derechos-humanos\/","title":{"rendered":"Una capacitaci\u00f3n con v\u00edas de inclusi\u00f3n en materia de derechos humanos"},"content":{"rendered":"\n<p>Este mi\u00e9rcoles se realiz\u00f3 una jornada sobre Derechos y Garant\u00edas de las personas v\u00edctimas de delitos, que tuvo lugar en el sal\u00f3n de usos m\u00faltiples del quinto piso de la Municipalidad.<\/p>\n\n\n\n<figure class=\"wp-block-image size-large\"><img loading=\"lazy\" width=\"1024\" height=\"682\" src=\"https:\/\/radionewsmisiones.ar\/site\/wp-content\/uploads\/2022\/09\/WhatsApp-Image-2022-09-07-at-17.16.04-1024x682.jpeg\" alt=\"\" class=\"wp-image-1577\" srcset=\"https:\/\/radionewsmisiones.ar\/site\/wp-content\/uploads\/2022\/09\/WhatsApp-Image-2022-09-07-at-17.16.04-1024x682.jpeg 1024w, https:\/\/radionewsmisiones.ar\/site\/wp-content\/uploads\/2022\/09\/WhatsApp-Image-2022-09-07-at-17.16.04-300x200.jpeg 300w, https:\/\/radionewsmisiones.ar\/site\/wp-content\/uploads\/2022\/09\/WhatsApp-Image-2022-09-07-at-17.16.04-768x512.jpeg 768w, https:\/\/radionewsmisiones.ar\/site\/wp-content\/uploads\/2022\/09\/WhatsApp-Image-2022-09-07-at-17.16.04.jpeg 1280w\" sizes=\"(max-width: 1024px) 100vw, 1024px\" \/><\/figure>\n\n\n\n<p>La misma fue organizada por la Escuela de Capacitaciones de la Asociaci\u00f3n de Magistrados y Funcionarios de la Justicia Nacional AMFJN &#8211; Seccional Misiones, a trav\u00e9s de su presidenta Felicitas Bir\u00e9 Barber\u00e1n, en conjunto con la Secretar\u00eda de Gobierno de la Municipalidad a cargo de Juan Pablo Ram\u00edrez y la Direcci\u00f3n de Derechos Humanos, encabezada por Directora Mar\u00eda Florencia Salgado. Asimismo, acompa\u00f1\u00f3 la presentaci\u00f3n la Dra Ver\u00f3nica Skanata, Jueza Federal de Posadas y el Dr. Johnny Ortega, Delegado Municipal de Villa Urquiza.<\/p>\n\n\n\n<p>En este contexto, el Secretario Ram\u00edrez hizo extensivo el saludo del intendente Leonardo Stelatto y agradeci\u00f3 la presencia tanto de disertantes y organizadores como as\u00ed tambi\u00e9n la respuesta por parte del p\u00fablico presente que se acredit\u00f3 para la capacitaci\u00f3n. De esta manera, expres\u00f3 que \u201cel gobierno municipal busca propiciar estos espacios de participaci\u00f3n ciudadana a trav\u00e9s de la pr\u00e1ctica acad\u00e9mica\u201d. Asimismo, sostuvo que es importante brindar herramientas para \u201cgarantizar el acceso de toda la ciudadan\u00eda a sus derechos esenciales\u201d.<\/p>\n\n\n\n<p>La jornada estuvo orientada a facilitar conocimientos sobre la ley 27.372 de Protecci\u00f3n de los Derechos y Garant\u00edas de las V\u00edctimas de Delitos en la que se estableci\u00f3 que las v\u00edctimas que no tengan medios econ\u00f3micos o que por alg\u00fan otro motivo sean vulnerables cuenten con asistencia jur\u00eddica gratuita, que incluye los servicios de un abogado para defender sus derechos y para ser querellantes. Su sanci\u00f3n recepta hist\u00f3ricos reclamos de diversos sectores de la sociedad para ubicar a las v\u00edctimas como sujetos de derechos en el marco de las investigaciones penales y, entre otros prop\u00f3sitos, lograr una justicia receptiva a sus necesidades y pretensiones.<\/p>\n\n\n\n<p>La ley reconoce una mayor participaci\u00f3n en las decisiones y garantiza un efectivo acceso a diversos derechos como el asesoramiento, asistencia, representaci\u00f3n, protecci\u00f3n, verdad, acceso a la justicia, tratamiento justo, reparaci\u00f3n, celeridad, y todos los dem\u00e1s derechos consagrados en la constituci\u00f3n nacional, en los tratados internacionales de derechos humanos de los que el Estado Nacional es responsable. Cabe destacar que la sanci\u00f3n de esta legislaci\u00f3n establece la figura del defensor de V\u00edctimas en el fuero federal.<\/p>\n\n\n\n<p>Formaron parte de la ponencia la Dra. Ruth Ponce de Le\u00f3n, secretaria de la c\u00e1mara federal de apelaciones posadas y el Dr. Gustavo Vargas, defensor p\u00fablico de v\u00edctimas en el \u00e1mbito de la justicia federal de Chaco, ambos en calidad de disertantes. En tanto que la moderaci\u00f3n estuvo a cargo de la Dra. Silvia Raquel Galarza.<\/p>\n","protected":false},"excerpt":{"rendered":"<p>Este mi&eacute;rcoles se realiz&oacute; una jornada sobre Derechos y Garant&iacute;as de las personas v&iacute;ctimas de delitos, que tuvo lugar en el sal&oacute;n de usos m&uacute;ltiples del quinto piso de la&hellip; <\/p>\n","protected":false},"author":3,"featured_media":1578,"comment_status":"closed","ping_status":"open","sticky":false,"template":"","format":"standard","meta":{"_monsterinsights_skip_tracking":false,"_monsterinsights_sitenote_active":false,"_monsterinsights_sitenote_note":"","_monsterinsights_sitenote_category":0},"categories":[3],"tags":[22],"aioseo_notices":[],"_links":{"self":[{"href":"https:\/\/radionewsmisiones.ar\/site\/wp-json\/wp\/v2\/posts\/1576"}],"collection":[{"href":"https:\/\/radionewsmisiones.ar\/site\/wp-json\/wp\/v2\/posts"}],"about":[{"href":"https:\/\/radionewsmisiones.ar\/site\/wp-json\/wp\/v2\/types\/post"}],"author":[{"embeddable":true,"href":"https:\/\/radionewsmisiones.ar\/site\/wp-json\/wp\/v2\/users\/3"}],"replies":[{"embeddable":true,"href":"https:\/\/radionewsmisiones.ar\/site\/wp-json\/wp\/v2\/comments?post=1576"}],"version-history":[{"count":1,"href":"https:\/\/radionewsmisiones.ar\/site\/wp-json\/wp\/v2\/posts\/1576\/revisions"}],"predecessor-version":[{"id":1579,"href":"https:\/\/radionewsmisiones.ar\/site\/wp-json\/wp\/v2\/posts\/1576\/revisions\/1579"}],"wp:featuredmedia":[{"embeddable":true,"href":"https:\/\/radionewsmisiones.ar\/site\/wp-json\/wp\/v2\/media\/1578"}],"wp:attachment":[{"href":"https:\/\/radionewsmisiones.ar\/site\/wp-json\/wp\/v2\/media?parent=1576"}],"wp:term":[{"taxonomy":"category","embeddable":true,"href":"https:\/\/radionewsmisiones.ar\/site\/wp-json\/wp\/v2\/categories?post=1576"},{"taxonomy":"post_tag","embeddable":true,"href":"https:\/\/radionewsmisiones.ar\/site\/wp-json\/wp\/v2\/tags?post=1576"}],"curies":[{"name":"wp","href":"https:\/\/api.w.org\/{rel}","templated":true}]}}