{"id":1584,"date":"2022-09-07T21:45:48","date_gmt":"2022-09-08T00:45:48","guid":{"rendered":"https:\/\/radionewsmisiones.ar\/site\/?p=1584"},"modified":"2022-09-07T21:45:54","modified_gmt":"2022-09-08T00:45:54","slug":"alarcon-resalto-que-el-parque-de-la-salud-fortalecio-el-recurso-humano-y-lo-tecnologico","status":"publish","type":"post","link":"https:\/\/radionewsmisiones.ar\/site\/provinciales\/alarcon-resalto-que-el-parque-de-la-salud-fortalecio-el-recurso-humano-y-lo-tecnologico\/","title":{"rendered":"Alarc\u00f3n: Resalt\u00f3 que el Parque de la Salud fortaleci\u00f3 el recurso humano y lo tecnol\u00f3gico"},"content":{"rendered":"\n<p>El Ministro Secretario de Salud de Misiones se refiri\u00f3 al avance que viene registrando el Parque de la Salud de la Provincia de Misiones, tanto en recursos humanos como en la adquisici\u00f3n de tecnolog\u00eda, para dar respuesta en salud, con calidad, a todos los misioneros. Al tiempo que remarc\u00f3 la sinergia entre los Centros Asistenciales.<\/p>\n\n\n\n<figure class=\"wp-block-embed is-type-video is-provider-youtube wp-block-embed-youtube wp-embed-aspect-16-9 wp-has-aspect-ratio\"><div class=\"wp-block-embed__wrapper\">\n<iframe loading=\"lazy\" title=\"Oscar Alarcon   Ministro de salud Misiones\" width=\"1110\" height=\"624\" src=\"https:\/\/www.youtube.com\/embed\/dnJL-PdkT4c?feature=oembed\" frameborder=\"0\" allow=\"accelerometer; autoplay; clipboard-write; encrypted-media; gyroscope; picture-in-picture\" allowfullscreen><\/iframe>\n<\/div><\/figure>\n\n\n\n<p>En este contexto, el Dr. Oscar Alarc\u00f3n se refiri\u00f3 al avance que viene registrando el Parque de la Salud \u201clos hospitales Materno Neonatal, el Escuela de Agudos \u201cDr. Ram\u00f3n Madariaga\u201d, el Instituto Misionero del C\u00e1ncer, todos los centros asistenciales, que forman parte del Parque de la Salud, han fortalecido su recurso humano y lo tecnol\u00f3gico, a trav\u00e9s de la compra de equipamiento, adem\u00e1s se ha modernizado lo que ya se ten\u00eda, esto es bueno para los misioneros y para la regi\u00f3n ya que somos centro de derivaci\u00f3n\u201d.<\/p>\n\n\n\n<p>Por lo que, destac\u00f3 la sinergia entre nosocomios para el beneficio de la salud del paciente \u201ccada vez estamos con mayor capacidad de gesti\u00f3n, pero tambi\u00e9n llevamos la gesti\u00f3n al interior, hemos recuperado la confianza en cada uno de los hospitales de nivel III, hay una total comunicaci\u00f3n con el Hospital Escuela, con el Materno Neonatal, muchos de estos pacientes, hacen que todos los profesionales trabajen en conjunto, en equipo, en sinergia, somos un gran Parque de la Salud, en toda la Provincia\u201d.<\/p>\n\n\n\n<p>Finalmente, en esta l\u00ednea coment\u00f3 \u201c todos somos Ministerio de Salud P\u00fablica, todos somos Parque de la Salud y eso es lo que hace tan grande a la pol\u00edtica sanitaria misionera y que se viene desarrollando, sosteniendo en el tiempo, con pol\u00edticas claras de nuestro Presidente de la c\u00e1mara, el Ingeniero Carlos Rovira y del Gobernador, Dr. Oscar Herrera Ahuad, nos hace tener mayor compromiso cada d\u00eda, para ir mejorando y sosteniendo lo que tenemos, esto es sustentabilidad\u201d.<\/p>\n","protected":false},"excerpt":{"rendered":"<p>El Ministro Secretario de Salud de Misiones se refiri&oacute; al avance que viene registrando el Parque de la Salud de la Provincia de Misiones, tanto en recursos humanos como en&hellip; <\/p>\n","protected":false},"author":3,"featured_media":1585,"comment_status":"closed","ping_status":"open","sticky":false,"template":"","format":"standard","meta":{"_monsterinsights_skip_tracking":false,"_monsterinsights_sitenote_active":false,"_monsterinsights_sitenote_note":"","_monsterinsights_sitenote_category":0},"categories":[3],"tags":[24],"aioseo_notices":[],"_links":{"self":[{"href":"https:\/\/radionewsmisiones.ar\/site\/wp-json\/wp\/v2\/posts\/1584"}],"collection":[{"href":"https:\/\/radionewsmisiones.ar\/site\/wp-json\/wp\/v2\/posts"}],"about":[{"href":"https:\/\/radionewsmisiones.ar\/site\/wp-json\/wp\/v2\/types\/post"}],"author":[{"embeddable":true,"href":"https:\/\/radionewsmisiones.ar\/site\/wp-json\/wp\/v2\/users\/3"}],"replies":[{"embeddable":true,"href":"https:\/\/radionewsmisiones.ar\/site\/wp-json\/wp\/v2\/comments?post=1584"}],"version-history":[{"count":1,"href":"https:\/\/radionewsmisiones.ar\/site\/wp-json\/wp\/v2\/posts\/1584\/revisions"}],"predecessor-version":[{"id":1586,"href":"https:\/\/radionewsmisiones.ar\/site\/wp-json\/wp\/v2\/posts\/1584\/revisions\/1586"}],"wp:featuredmedia":[{"embeddable":true,"href":"https:\/\/radionewsmisiones.ar\/site\/wp-json\/wp\/v2\/media\/1585"}],"wp:attachment":[{"href":"https:\/\/radionewsmisiones.ar\/site\/wp-json\/wp\/v2\/media?parent=1584"}],"wp:term":[{"taxonomy":"category","embeddable":true,"href":"https:\/\/radionewsmisiones.ar\/site\/wp-json\/wp\/v2\/categories?post=1584"},{"taxonomy":"post_tag","embeddable":true,"href":"https:\/\/radionewsmisiones.ar\/site\/wp-json\/wp\/v2\/tags?post=1584"}],"curies":[{"name":"wp","href":"https:\/\/api.w.org\/{rel}","templated":true}]}}