{"id":1587,"date":"2022-09-07T21:49:06","date_gmt":"2022-09-08T00:49:06","guid":{"rendered":"https:\/\/radionewsmisiones.ar\/site\/?p=1587"},"modified":"2022-09-07T21:49:11","modified_gmt":"2022-09-08T00:49:11","slug":"la-subsecretaria-de-educacion-y-la-facultad-de-humanidades-firmaron-un-convenio-de-colaboracion-y-asistencia-tecnica","status":"publish","type":"post","link":"https:\/\/radionewsmisiones.ar\/site\/provinciales\/la-subsecretaria-de-educacion-y-la-facultad-de-humanidades-firmaron-un-convenio-de-colaboracion-y-asistencia-tecnica\/","title":{"rendered":"La Subsecretar\u00eda de Educaci\u00f3n y la Facultad de Humanidades firmaron un convenio de colaboraci\u00f3n y asistencia t\u00e9cnica"},"content":{"rendered":"\n<p>Mediante la firma de un convenio de colaboraci\u00f3n y asistencia t\u00e9cnica el pasado 5 de septiembre, la Subsecretar\u00eda de Educaci\u00f3n del Ministerio de Educaci\u00f3n, Ciencia y Tecnolog\u00eda, junto a la Facultad de Humanidades y Ciencias Sociales (FHyCS) de la Universidad Nacional de Misiones (UNaM) consolidar\u00e1n el Observatorio econ\u00f3mico y social del deporte y la actividad f\u00edsica.<\/p>\n\n\n\n<figure class=\"wp-block-image size-large\"><img loading=\"lazy\" width=\"1024\" height=\"1024\" src=\"https:\/\/radionewsmisiones.ar\/site\/wp-content\/uploads\/2022\/09\/1-215-1024x1024.jpeg\" alt=\"\" class=\"wp-image-1588\" srcset=\"https:\/\/radionewsmisiones.ar\/site\/wp-content\/uploads\/2022\/09\/1-215-1024x1024.jpeg 1024w, https:\/\/radionewsmisiones.ar\/site\/wp-content\/uploads\/2022\/09\/1-215-300x300.jpeg 300w, https:\/\/radionewsmisiones.ar\/site\/wp-content\/uploads\/2022\/09\/1-215-150x150.jpeg 150w, https:\/\/radionewsmisiones.ar\/site\/wp-content\/uploads\/2022\/09\/1-215-768x768.jpeg 768w, https:\/\/radionewsmisiones.ar\/site\/wp-content\/uploads\/2022\/09\/1-215-1536x1536.jpeg 1536w, https:\/\/radionewsmisiones.ar\/site\/wp-content\/uploads\/2022\/09\/1-215.jpeg 1600w\" sizes=\"(max-width: 1024px) 100vw, 1024px\" \/><\/figure>\n\n\n\n<p>El objetivo principal de esta iniciativa ser\u00e1 recopilar, producir y difundir informaci\u00f3n, conocimiento y datos espec\u00edficos de la econom\u00eda del deporte, la gesti\u00f3n de entidades deportivas, el an\u00e1lisis de las pol\u00edticas p\u00fablicas en el deporte, la evaluaci\u00f3n de las actividades y eventos deportivos, el an\u00e1lisis de los servicios deportivos, as\u00ed como la interrelaci\u00f3n entre medios de comunicaci\u00f3n y deporte promoviendo un enfoque multidisciplinar.<\/p>\n\n\n\n<p>Este documento busca la cooperaci\u00f3n y el trabajo en equipo a fines de recolectar, registrar y analizar datos sobre la gesti\u00f3n del deporte en la provincia. \u201cDesde la Subsecretar\u00eda de Educaci\u00f3n siempre reforzamos la cooperaci\u00f3n y la coordinaci\u00f3n interinstitucional, en este caso orientadas a la construcci\u00f3n de indicadores que van a ser usados como herramientas para el dise\u00f1o, promoci\u00f3n y evaluaci\u00f3n de distintas pol\u00edticas p\u00fablicas\u201d coment\u00f3 Rosana \u201cCielo\u201d Linares, subsecretaria.<\/p>\n\n\n\n<p>De parte del programa \u201cVolv\u00e9 a la Escuela\u201d de la Subsecretar\u00eda se encargar\u00e1n de la articulaci\u00f3n y el acompa\u00f1amiento en el territorio provincial de las acciones relacionadas con el trabajo de campo necesario para relevar la informaci\u00f3n. Por su parte, la FHyCS trabajar\u00e1 en el tratamiento y an\u00e1lisis de los mismos. \u201cMisiones viene demostrando con claridad que la promoci\u00f3n del deporte es una pol\u00edtica de Estado, y lo promovemos de forma inclusiva y articulada entre distintos niveles estatales y educativos\u201d ratific\u00f3 Cielo.<\/p>\n","protected":false},"excerpt":{"rendered":"<p>Mediante la firma de un convenio de colaboraci&oacute;n y asistencia t&eacute;cnica el pasado 5 de septiembre, la Subsecretar&iacute;a de Educaci&oacute;n del Ministerio de Educaci&oacute;n, Ciencia y Tecnolog&iacute;a, junto a la&hellip; <\/p>\n","protected":false},"author":3,"featured_media":1589,"comment_status":"closed","ping_status":"open","sticky":false,"template":"","format":"standard","meta":{"_monsterinsights_skip_tracking":false,"_monsterinsights_sitenote_active":false,"_monsterinsights_sitenote_note":"","_monsterinsights_sitenote_category":0},"categories":[3],"tags":[26],"aioseo_notices":[],"_links":{"self":[{"href":"https:\/\/radionewsmisiones.ar\/site\/wp-json\/wp\/v2\/posts\/1587"}],"collection":[{"href":"https:\/\/radionewsmisiones.ar\/site\/wp-json\/wp\/v2\/posts"}],"about":[{"href":"https:\/\/radionewsmisiones.ar\/site\/wp-json\/wp\/v2\/types\/post"}],"author":[{"embeddable":true,"href":"https:\/\/radionewsmisiones.ar\/site\/wp-json\/wp\/v2\/users\/3"}],"replies":[{"embeddable":true,"href":"https:\/\/radionewsmisiones.ar\/site\/wp-json\/wp\/v2\/comments?post=1587"}],"version-history":[{"count":1,"href":"https:\/\/radionewsmisiones.ar\/site\/wp-json\/wp\/v2\/posts\/1587\/revisions"}],"predecessor-version":[{"id":1590,"href":"https:\/\/radionewsmisiones.ar\/site\/wp-json\/wp\/v2\/posts\/1587\/revisions\/1590"}],"wp:featuredmedia":[{"embeddable":true,"href":"https:\/\/radionewsmisiones.ar\/site\/wp-json\/wp\/v2\/media\/1589"}],"wp:attachment":[{"href":"https:\/\/radionewsmisiones.ar\/site\/wp-json\/wp\/v2\/media?parent=1587"}],"wp:term":[{"taxonomy":"category","embeddable":true,"href":"https:\/\/radionewsmisiones.ar\/site\/wp-json\/wp\/v2\/categories?post=1587"},{"taxonomy":"post_tag","embeddable":true,"href":"https:\/\/radionewsmisiones.ar\/site\/wp-json\/wp\/v2\/tags?post=1587"}],"curies":[{"name":"wp","href":"https:\/\/api.w.org\/{rel}","templated":true}]}}