{"id":1606,"date":"2022-09-07T22:14:29","date_gmt":"2022-09-08T01:14:29","guid":{"rendered":"https:\/\/radionewsmisiones.ar\/site\/?p=1606"},"modified":"2022-09-07T22:14:34","modified_gmt":"2022-09-08T01:14:34","slug":"emitieron-dictamen-a-favor-del-proyecto-para-crear-el-plan-estrategico-de-movilidad-sustentable","status":"publish","type":"post","link":"https:\/\/radionewsmisiones.ar\/site\/provinciales\/emitieron-dictamen-a-favor-del-proyecto-para-crear-el-plan-estrategico-de-movilidad-sustentable\/","title":{"rendered":"Emitieron dictamen a favor del proyecto para crear el Plan Estrat\u00e9gico de Movilidad Sustentable"},"content":{"rendered":"\n<p><strong>En reuni\u00f3n extraordinaria, las comisiones de Obras y Transporte y de Legislaci\u00f3n General aconsejaron que la C\u00e1mara de Representantes convierta en ley las iniciativas que buscan promover la utilizaci\u00f3n de veh\u00edculos de movilidad sustentable y el desarrollo de la infraestructura vial correspondiente, para continuar mejorando la calidad de vida de los misioneros y reduciendo la emisi\u00f3n de gases de efecto invernadero.<\/strong><\/p>\n\n\n\n<figure class=\"wp-block-image size-large\"><img loading=\"lazy\" width=\"1024\" height=\"580\" src=\"https:\/\/radionewsmisiones.ar\/site\/wp-content\/uploads\/2022\/09\/DSC06609-1024x580.jpg\" alt=\"\" class=\"wp-image-1608\" srcset=\"https:\/\/radionewsmisiones.ar\/site\/wp-content\/uploads\/2022\/09\/DSC06609-1024x580.jpg 1024w, https:\/\/radionewsmisiones.ar\/site\/wp-content\/uploads\/2022\/09\/DSC06609-300x170.jpg 300w, https:\/\/radionewsmisiones.ar\/site\/wp-content\/uploads\/2022\/09\/DSC06609-768x435.jpg 768w, https:\/\/radionewsmisiones.ar\/site\/wp-content\/uploads\/2022\/09\/DSC06609-1536x870.jpg 1536w, https:\/\/radionewsmisiones.ar\/site\/wp-content\/uploads\/2022\/09\/DSC06609.jpg 1600w\" sizes=\"(max-width: 1024px) 100vw, 1024px\" \/><\/figure>\n\n\n\n<p>El dictamen integra diferentes propuestas presentadas por los diputados Carlos Rovira, Soledad Balan, Jorge Lacour, Lucas Romero, Laura Duarte, Julio Barreto, Ver\u00f3nica Bezus, H\u00e9ctor Pereyra Pigerl y Roque Gervasoni, \u00e9ste \u00faltimo con mandato finalizado.<\/p>\n\n\n\n<p>Con la propuesta, los legisladores pretenden fomentar la transici\u00f3n hacia una movilidad sustentable y promover la adopci\u00f3n de estilos de vida activos en toda la poblaci\u00f3n reduciendo la inactividad f\u00edsica.<\/p>\n\n\n\n<p>Tambi\u00e9n, contribuir a la protecci\u00f3n del ambiente desalentando el consumo de combustibles f\u00f3siles y reducir la congesti\u00f3n del tr\u00e1nsito vehicular en los centros urbanos para favorecer una mejor circulaci\u00f3n, entre otros objetivos.<\/p>\n\n\n\n<p>Por movilidad sustentable, en el dictamen se refieren al traslado saludable de personas a trav\u00e9s de medios de transporte respetuosos con el ambiente, que permitan priorizar la calidad de vida y el bienestar colectivo.<\/p>\n\n\n\n<p>En el caso de que la propuesta se convierta en ley, tambi\u00e9n se crear\u00eda el Programa Provincial de Industrializaci\u00f3n y Comercializaci\u00f3n de veh\u00edculos, componentes, partes y equipamiento auxiliar de movilidad sustentable.<\/p>\n\n\n\n<p>Su objetivo ser\u00e1 fomentar la industrializaci\u00f3n de veh\u00edculos con tecnolog\u00edas de energ\u00edas alternativas en la provincia, impulsando acciones tendientes a la creaci\u00f3n y desarrollo de unidades productivas del sector automotriz; y&nbsp;promover la ampliaci\u00f3n de l\u00edneas de producci\u00f3n que incorporen toda clase y tipo de veh\u00edculos sustentables.<\/p>\n\n\n\n<p>Asimismo, potenciar el desarrollo de polos tecnol\u00f3gicos e industriales que favorezcan la radicaci\u00f3n de las industrias de movilidad sustentable; y fomentar la comercializaci\u00f3n interna y externa de veh\u00edculos, componentes, partes y equipamiento auxiliar de movilidad sustentable.<\/p>\n\n\n\n<p>Por otra parte, se crear\u00eda el Registro Provincial de Veh\u00edculos de Micro Movilidad Sustentable, con el objeto de mantener una base de datos actualizada que identifique al titular con su veh\u00edculo.<\/p>\n\n\n\n<p>Y se instituir\u00eda como Semana Provincial de Movilidad Sustentable los d\u00edas comprendidos entre el 16 y el 22 de septiembre de cada a\u00f1o, para incentivar el uso de modos de transportes no contaminantes para desplazarse.<\/p>\n","protected":false},"excerpt":{"rendered":"<p>En reuni&oacute;n extraordinaria, las comisiones de Obras y Transporte y de Legislaci&oacute;n General aconsejaron que la C&aacute;mara de Representantes convierta en ley las iniciativas que buscan promover la utilizaci&oacute;n de&hellip; <\/p>\n","protected":false},"author":3,"featured_media":1607,"comment_status":"closed","ping_status":"open","sticky":false,"template":"","format":"standard","meta":{"_monsterinsights_skip_tracking":false,"_monsterinsights_sitenote_active":false,"_monsterinsights_sitenote_note":"","_monsterinsights_sitenote_category":0},"categories":[3],"tags":[7],"aioseo_notices":[],"_links":{"self":[{"href":"https:\/\/radionewsmisiones.ar\/site\/wp-json\/wp\/v2\/posts\/1606"}],"collection":[{"href":"https:\/\/radionewsmisiones.ar\/site\/wp-json\/wp\/v2\/posts"}],"about":[{"href":"https:\/\/radionewsmisiones.ar\/site\/wp-json\/wp\/v2\/types\/post"}],"author":[{"embeddable":true,"href":"https:\/\/radionewsmisiones.ar\/site\/wp-json\/wp\/v2\/users\/3"}],"replies":[{"embeddable":true,"href":"https:\/\/radionewsmisiones.ar\/site\/wp-json\/wp\/v2\/comments?post=1606"}],"version-history":[{"count":1,"href":"https:\/\/radionewsmisiones.ar\/site\/wp-json\/wp\/v2\/posts\/1606\/revisions"}],"predecessor-version":[{"id":1609,"href":"https:\/\/radionewsmisiones.ar\/site\/wp-json\/wp\/v2\/posts\/1606\/revisions\/1609"}],"wp:featuredmedia":[{"embeddable":true,"href":"https:\/\/radionewsmisiones.ar\/site\/wp-json\/wp\/v2\/media\/1607"}],"wp:attachment":[{"href":"https:\/\/radionewsmisiones.ar\/site\/wp-json\/wp\/v2\/media?parent=1606"}],"wp:term":[{"taxonomy":"category","embeddable":true,"href":"https:\/\/radionewsmisiones.ar\/site\/wp-json\/wp\/v2\/categories?post=1606"},{"taxonomy":"post_tag","embeddable":true,"href":"https:\/\/radionewsmisiones.ar\/site\/wp-json\/wp\/v2\/tags?post=1606"}],"curies":[{"name":"wp","href":"https:\/\/api.w.org\/{rel}","templated":true}]}}