{"id":1614,"date":"2022-09-07T22:27:20","date_gmt":"2022-09-08T01:27:20","guid":{"rendered":"https:\/\/radionewsmisiones.ar\/site\/?p=1614"},"modified":"2022-09-07T22:31:58","modified_gmt":"2022-09-08T01:31:58","slug":"argentina-solicito-formalmente-a-china-la-adhesion-al-grupo-de-los-brics","status":"publish","type":"post","link":"https:\/\/radionewsmisiones.ar\/site\/nacionales\/argentina-solicito-formalmente-a-china-la-adhesion-al-grupo-de-los-brics\/","title":{"rendered":"Argentina solicit\u00f3 formalmente a China la adhesi\u00f3n al grupo de los Brics"},"content":{"rendered":"\n<p>En el marco del foro que tuvo lugar en la ciudad de Xiamen, el embajador argentino en el gigante asi\u00e1tico anunci\u00f3 que la semana pasada el presidente Alberto Fern\u00e1ndez envi\u00f3 una carta a su par chino, Xi Jinping, para solicitarle formalmente el ingreso de nuestro pa\u00eds al bloque que integran Brasil, Rusia, India, China y Sud\u00e1frica.<\/p>\n\n\n\n<figure class=\"wp-block-image size-full\"><img loading=\"lazy\" width=\"900\" height=\"506\" src=\"https:\/\/radionewsmisiones.ar\/site\/wp-content\/uploads\/2022\/09\/china.jpg\" alt=\"\" class=\"wp-image-1615\" srcset=\"https:\/\/radionewsmisiones.ar\/site\/wp-content\/uploads\/2022\/09\/china.jpg 900w, https:\/\/radionewsmisiones.ar\/site\/wp-content\/uploads\/2022\/09\/china-300x169.jpg 300w, https:\/\/radionewsmisiones.ar\/site\/wp-content\/uploads\/2022\/09\/china-768x432.jpg 768w\" sizes=\"(max-width: 900px) 100vw, 900px\" \/><\/figure>\n\n\n\n<p>La Argentina solicit\u00f3 formalmente su inclusi\u00f3n al grupo de los Brics, anunci\u00f3 este mi\u00e9rcoles el embajador argentino en China, Sabino Vaca Narvaja, durante su participaci\u00f3n en el foro del bloque de pa\u00edses que integran Brasil, Rusia, India, China y Sud\u00e1frica que tuvo lugar en la ciudad china de Xiamen.<\/p>\n\n\n\n<p>El representante argentino en Beijing precis\u00f3 que el pedido fue concretado la semana pasada en una carta enviada por presidente Alberto Fern\u00e1ndez a su par chino, Xi Jinping, quien ocupa la Presidencia Pro T\u00e9mpore del foro que une a las dos potencias m\u00e1s grandes despu\u00e9s de Estados Unidos (China y Rusia) con emergentes de Asia, \u00c1frica y Am\u00e9rica Latina.<\/p>\n\n\n\n<p>Seg\u00fan inform\u00f3 la embajada argentina en Beijing, durante su discurso en la ciudad costera de Xiamen, Vaca Narvaja reafirm\u00f3 adem\u00e1s que para el Gobierno argentino el Brics es \u00abuna excelente alternativa de cooperaci\u00f3n frente a un orden mundial que ha demostrado estar creado por y para el beneficio de unos pocos\u00bb.<\/p>\n\n\n\n<p>En ese sentido, se mostr\u00f3 convencido de la \u00aboportunidad hist\u00f3rica\u00bb que abre el bloque para \u00abel desarrollo de una verdadera estrategia conjunta\u00bb entre sus pa\u00edses socios que \u00abhaga frente a este complejo escenario global\u00bb.<\/p>\n\n\n\n<p>Seg\u00fan la informaci\u00f3n de la embajada, en el evento sobre la cuarta revoluci\u00f3n industrial, que cont\u00f3 con la participaci\u00f3n del viceministro de Industria de China, el gobernador de Fujian y los embajadores de Brasil, Sud\u00e1frica y Rusia, se repasaron las ventajas y beneficios de incluir a la Argentina en el grupo.<\/p>\n\n\n\n<p>Durante las discusiones se ponder\u00f3 a la Argentina como un pa\u00eds l\u00edder mundial en la producci\u00f3n de alimentos y con un potencial energ\u00e9tico que los miembros de los Brics consideran como un \u00abfactor clave\u00bb para la transici\u00f3n a fuentes de energ\u00eda limpia, indica la informaci\u00f3n oficial.<\/p>\n\n\n\n<p>A nivel pol\u00edtico, se hizo hincapi\u00e9 en que este a\u00f1o la Argentina fue elegida por todos los integrantes de la Comunidad de Estados Latinoamericanos y caribe\u00f1os (Celac) para ejercer la Presidencia Pro T\u00e9mpore, algo que consideraron una \u00abmuestra del liderazgo a nivel pol\u00edtico regional\u00bb.<\/p>\n\n\n\n<p>El mes pasado el Ministerio de Relaciones Exteriores de la Federaci\u00f3n de Rusia hab\u00eda informado que la Argentina hab\u00eda sido formalmente incluida en la lista para ingresar al selecto grupo.<\/p>\n\n\n\n<p>Asimismo, la Canciller\u00eda argentina comunic\u00f3 durante la semana pasada que el ministro de Asuntos Exteriores de la India, Subrahmanyan Jaishankar, hab\u00eda manifestado el apoyo total de su pa\u00eds a la inclusi\u00f3n de la Argentina en este grupo.<\/p>\n\n\n\n<p>El respaldo de la India para que la Argentina sea miembro formal de los Brics -uno de los objetivos centrales de la pol\u00edtica exterior del gobierno nacional- se concret\u00f3 en un encuentro privado que mantuvieron en el Palacio San Mart\u00edn el canciller Santiago Cafiero con su par de la India, Subrahmanyan Jaishankar, donde tambi\u00e9n se avanz\u00f3 en el fortalecimiento de la cooperaci\u00f3n bilateral, con eje en un mayor intercambio econ\u00f3mico.<\/p>\n","protected":false},"excerpt":{"rendered":"<p>En el marco del foro que tuvo lugar en la ciudad de Xiamen, el embajador argentino en el gigante asi&aacute;tico anunci&oacute; que la semana pasada el presidente Alberto Fern&aacute;ndez envi&oacute;&hellip; <\/p>\n","protected":false},"author":3,"featured_media":0,"comment_status":"closed","ping_status":"open","sticky":false,"template":"","format":"standard","meta":{"_monsterinsights_skip_tracking":false,"_monsterinsights_sitenote_active":false,"_monsterinsights_sitenote_note":"","_monsterinsights_sitenote_category":0},"categories":[4],"tags":[],"aioseo_notices":[],"_links":{"self":[{"href":"https:\/\/radionewsmisiones.ar\/site\/wp-json\/wp\/v2\/posts\/1614"}],"collection":[{"href":"https:\/\/radionewsmisiones.ar\/site\/wp-json\/wp\/v2\/posts"}],"about":[{"href":"https:\/\/radionewsmisiones.ar\/site\/wp-json\/wp\/v2\/types\/post"}],"author":[{"embeddable":true,"href":"https:\/\/radionewsmisiones.ar\/site\/wp-json\/wp\/v2\/users\/3"}],"replies":[{"embeddable":true,"href":"https:\/\/radionewsmisiones.ar\/site\/wp-json\/wp\/v2\/comments?post=1614"}],"version-history":[{"count":1,"href":"https:\/\/radionewsmisiones.ar\/site\/wp-json\/wp\/v2\/posts\/1614\/revisions"}],"predecessor-version":[{"id":1616,"href":"https:\/\/radionewsmisiones.ar\/site\/wp-json\/wp\/v2\/posts\/1614\/revisions\/1616"}],"wp:attachment":[{"href":"https:\/\/radionewsmisiones.ar\/site\/wp-json\/wp\/v2\/media?parent=1614"}],"wp:term":[{"taxonomy":"category","embeddable":true,"href":"https:\/\/radionewsmisiones.ar\/site\/wp-json\/wp\/v2\/categories?post=1614"},{"taxonomy":"post_tag","embeddable":true,"href":"https:\/\/radionewsmisiones.ar\/site\/wp-json\/wp\/v2\/tags?post=1614"}],"curies":[{"name":"wp","href":"https:\/\/api.w.org\/{rel}","templated":true}]}}