{"id":1617,"date":"2022-09-07T22:30:37","date_gmt":"2022-09-08T01:30:37","guid":{"rendered":"https:\/\/radionewsmisiones.ar\/site\/?p=1617"},"modified":"2022-09-07T22:31:21","modified_gmt":"2022-09-08T01:31:21","slug":"alberto-fernandez-que-toda-la-argentina-entienda-que-estamos-hartos-de-la-violencia","status":"publish","type":"post","link":"https:\/\/radionewsmisiones.ar\/site\/nacionales\/alberto-fernandez-que-toda-la-argentina-entienda-que-estamos-hartos-de-la-violencia\/","title":{"rendered":"Alberto Fern\u00e1ndez: \u201cQue toda la Argentina entienda que estamos hartos de la violencia\u201d"},"content":{"rendered":"\n<p>El Presidente reiter\u00f3 su llamado a la construcci\u00f3n de una Argentina sobre las bases de la \u201cdiversidad\u201d en la que \u201cel odio sea una palabra que no se pronuncie m\u00e1s\u201d. Durante un acto en San Mart\u00edn, convoc\u00f3 a trabajar en una \u201cArgentina que no discrimine\u201d.<\/p>\n\n\n\n<figure class=\"wp-block-embed is-type-video is-provider-youtube wp-block-embed-youtube wp-embed-aspect-16-9 wp-has-aspect-ratio\"><div class=\"wp-block-embed__wrapper\">\n<iframe loading=\"lazy\" title=\"El presidente encabez\u00f3 el acto de entrega de netbooks del programa #ConectarIgualdad.\" width=\"1110\" height=\"624\" src=\"https:\/\/www.youtube.com\/embed\/p5p__L5Ikjg?feature=oembed\" frameborder=\"0\" allow=\"accelerometer; autoplay; clipboard-write; encrypted-media; gyroscope; picture-in-picture\" allowfullscreen><\/iframe>\n<\/div><\/figure>\n\n\n\n<p>El presidente Alberto Fern\u00e1ndez reiter\u00f3 su llamado a la construcci\u00f3n de una Argentina sobre las bases de la \u201cdiversidad\u201d en la que \u201cel odio sea una palabra que no se pronuncie m\u00e1s\u201d y reiter\u00f3 su compromiso con la educaci\u00f3n p\u00fablica al entregar dispositivos del programa Conectar Igualdad a estudiantes de escuelas secundarias.<\/p>\n\n\n\n<p>Junto al ministro de Educaci\u00f3n, Jaime Perczyk, y al titular de la cartera de Obras P\u00fablicas, Gabriel Katopodis, el Jefe de Estado entreg\u00f3 1.000 computadoras a alumnos y alumnas de la localidad bonaerense de San Mart\u00edn.<\/p>\n\n\n\n<p>Durante su discurso, Fern\u00e1ndez convoc\u00f3 a trabajar por una \u201cArgentina que no discrimine\u201d.<\/p>\n\n\n\n<p>\u201cLes pido que me ayuden como j\u00f3venes, que toda la Argentina entienda que estamos hartos de la violencia, que nos necesitamos y que podemos vivir en diversidad\u201d, dijo el mandatario y propuso \u201cuna sociedad donde el odio sea una palabra que no se pronuncie m\u00e1s\u201d.<\/p>\n\n\n\n<p>En un sentido similar, el Presidente se hab\u00eda expresado el martes por la noche, al participar de la Convenci\u00f3n de la C\u00e1mara Argentina de la Construcci\u00f3n (Camarco), en el predio de La Rural, donde pidi\u00f3 \u00abno darle m\u00e1s espacio a los cultores del odio, a los que se valen de la libertad de opinar para difamar y desalentar al pueblo, a los que se encumbran en la democracia solo para desprestigiarla con discursos que no dejan de repudiarla y a los que siembran la violencia con el solo objeto de enfrentarnos\u00bb.<\/p>\n\n\n\n<p>Los mensajes del Presidente contra los discursos del odio se dan luego del intento de magnicidio que sufri\u00f3 la vicepresidenta Cristina Fern\u00e1ndez de Kirchner en la noche del jueves pasado, frente a su domicilio del barrio porte\u00f1o de Recoleta.<\/p>\n\n\n\n<p>Al d\u00eda siguiente del ataque contra la Vicepresidenta, el mandatario convoc\u00f3 en Casa de Gobierno a representantes de sectores sindicales, sociales, empresariales, de derechos humanos y diferentes credos para debatir sobre los discursos del odio y la violencia.<\/p>\n\n\n\n<figure class=\"wp-block-image\"><a href=\"javascript:void(0);\"><img src=\"https:\/\/www.telam.com.ar\/thumbs\/bluesteel\/advf\/imagenes\/2022\/09\/6318c5d480736_900.jpg\" alt=\"Foto Presidencia\"\/><\/a><figcaption>Foto: Presidencia<\/figcaption><\/figure>\n\n\n\n<h2>La importancia del Conectar Igualdad<\/h2>\n\n\n\n<p>En su discurso en San Mart\u00edn, el Presidente hizo, adem\u00e1s, una fuerte defensa de la educaci\u00f3n p\u00fablica y del programa Conectar Igualdad, iniciado en 2010 durante el Gobierno de Cristina Fern\u00e1ndez de Kirchner.<\/p>\n\n\n\n<p>\u201cQue un chico, una chica, un chique no pueda estudiar porque no cuenta con una computadora, es postergarlo; Cristina advirti\u00f3 esa carencia\u201d, asegur\u00f3 el jefe de Estado, lo que cosech\u00f3 el aplauso de los presentes.<\/p>\n\n\n\n<p>\u201cDespu\u00e9s vinieron otros cuatro a\u00f1os en los que no pensaban como nosotros. S\u00e9 que muchos estaban desalentados porque la pandemia nos ha conmovido, por todo lo que nos toc\u00f3 pasar. A los j\u00f3venes particularmente, les cuesta pensar en un futuro. Algunos creemos que tenemos que pensar en esos j\u00f3venes y garantizarles el mejor futuro, eso es darles la posibilidad de acceder al conocimiento\u201d, a\u00f1adi\u00f3.<\/p>\n\n\n\n<p>En ese mismo sentido, hizo alusi\u00f3n a conceptos vertidos por dirigentes de la coalici\u00f3n opositora Juntos por el Cambio, que al momento de gobernar hablaban de la escuela p\u00fablica como un lugar en el que se \u00abca\u00eda desgraciadamente\u00bb.<\/p>\n","protected":false},"excerpt":{"rendered":"<p>El Presidente reiter&oacute; su llamado a la construcci&oacute;n de una Argentina sobre las bases de la &ldquo;diversidad&rdquo; en la que &ldquo;el odio sea una palabra que no se pronuncie m&aacute;s&rdquo;.&hellip; <\/p>\n","protected":false},"author":3,"featured_media":1618,"comment_status":"closed","ping_status":"open","sticky":false,"template":"","format":"standard","meta":{"_monsterinsights_skip_tracking":false,"_monsterinsights_sitenote_active":false,"_monsterinsights_sitenote_note":"","_monsterinsights_sitenote_category":0},"categories":[4],"tags":[],"aioseo_notices":[],"_links":{"self":[{"href":"https:\/\/radionewsmisiones.ar\/site\/wp-json\/wp\/v2\/posts\/1617"}],"collection":[{"href":"https:\/\/radionewsmisiones.ar\/site\/wp-json\/wp\/v2\/posts"}],"about":[{"href":"https:\/\/radionewsmisiones.ar\/site\/wp-json\/wp\/v2\/types\/post"}],"author":[{"embeddable":true,"href":"https:\/\/radionewsmisiones.ar\/site\/wp-json\/wp\/v2\/users\/3"}],"replies":[{"embeddable":true,"href":"https:\/\/radionewsmisiones.ar\/site\/wp-json\/wp\/v2\/comments?post=1617"}],"version-history":[{"count":2,"href":"https:\/\/radionewsmisiones.ar\/site\/wp-json\/wp\/v2\/posts\/1617\/revisions"}],"predecessor-version":[{"id":1620,"href":"https:\/\/radionewsmisiones.ar\/site\/wp-json\/wp\/v2\/posts\/1617\/revisions\/1620"}],"wp:featuredmedia":[{"embeddable":true,"href":"https:\/\/radionewsmisiones.ar\/site\/wp-json\/wp\/v2\/media\/1618"}],"wp:attachment":[{"href":"https:\/\/radionewsmisiones.ar\/site\/wp-json\/wp\/v2\/media?parent=1617"}],"wp:term":[{"taxonomy":"category","embeddable":true,"href":"https:\/\/radionewsmisiones.ar\/site\/wp-json\/wp\/v2\/categories?post=1617"},{"taxonomy":"post_tag","embeddable":true,"href":"https:\/\/radionewsmisiones.ar\/site\/wp-json\/wp\/v2\/tags?post=1617"}],"curies":[{"name":"wp","href":"https:\/\/api.w.org\/{rel}","templated":true}]}}