{"id":1621,"date":"2022-09-07T22:34:08","date_gmt":"2022-09-08T01:34:08","guid":{"rendered":"https:\/\/radionewsmisiones.ar\/site\/?p=1621"},"modified":"2022-09-07T22:34:13","modified_gmt":"2022-09-08T01:34:13","slug":"vizzotti-creo-un-programa-de-abordaje-integral-de-la-problematica-del-suicidio","status":"publish","type":"post","link":"https:\/\/radionewsmisiones.ar\/site\/nacionales\/vizzotti-creo-un-programa-de-abordaje-integral-de-la-problematica-del-suicidio\/","title":{"rendered":"Vizzotti cre\u00f3 un programa de abordaje integral de la problem\u00e1tica del suicidio"},"content":{"rendered":"\n<p>La iniciativa tiene como objetivo promover l\u00edneas de acci\u00f3n para la prevenci\u00f3n y atenci\u00f3n de esta problem\u00e1tica, como as\u00ed tambi\u00e9n articular el trabajo a nivel interministerial como interjurisdiccional.<\/p>\n\n\n\n<p>La ministra de Salud, Carla Vizzotti, cre\u00f3 un programa de abordaje integral de la problem\u00e1tica del suicidio que, entre otros puntos, propone fortalecer la red de atenci\u00f3n y la calidad de los registros sobre los casos consumados y los intentos.<\/p>\n\n\n\n<p>La creaci\u00f3n de este programa se da en el marco de la jornada de reflexi\u00f3n por el D\u00eda Mundial y Nacional de Prevenci\u00f3n del Suicidio denominada \u00abEl suicidio es cosa de todos y todas\u00bb, promovido por la OMS, y que se celebra el 10 de setiembre pr\u00f3ximo.<\/p>\n\n\n\n<figure class=\"wp-block-image size-full\"><img loading=\"lazy\" width=\"900\" height=\"506\" src=\"https:\/\/radionewsmisiones.ar\/site\/wp-content\/uploads\/2022\/09\/vizzotti.jpg\" alt=\"\" class=\"wp-image-1622\" srcset=\"https:\/\/radionewsmisiones.ar\/site\/wp-content\/uploads\/2022\/09\/vizzotti.jpg 900w, https:\/\/radionewsmisiones.ar\/site\/wp-content\/uploads\/2022\/09\/vizzotti-300x169.jpg 300w, https:\/\/radionewsmisiones.ar\/site\/wp-content\/uploads\/2022\/09\/vizzotti-768x432.jpg 768w\" sizes=\"(max-width: 900px) 100vw, 900px\" \/><\/figure>\n\n\n\n<p>En la reuni\u00f3n del Cofesama (Consejo Federal de Salud Mental) Vizzotti asegur\u00f3 que la creaci\u00f3n de esta iniciativa \u00abes un avance grande en relaci\u00f3n a esta tem\u00e1tica, pero necesitamos seguir trabajando junto con las provincias para la implementaci\u00f3n de la Ley Nacional 27.130 de Prevenci\u00f3n del Suicidio\u00bb reglamentada hace un a\u00f1o.<\/p>\n\n\n\n<p>La ministra destac\u00f3 la mirada federal, la construcci\u00f3n colectiva y el trabajo regional que se est\u00e1 desarrollando en este abordaje integral de la salud mental.<\/p>\n\n\n\n<p>Tambi\u00e9n remarc\u00f3 la importancia de promover la articulaci\u00f3n interministerial y con otras \u00e1reas del Estado para generar acuerdos de trabajo conjunto.<\/p>\n\n\n\n<h2>En qu\u00e9 consiste el programa<\/h2>\n\n\n\n<p>El Programa de Abordaje Integral de la Problem\u00e1tica del Suicidio tiene como prop\u00f3sito articular el trabajo junto a otros actores, tanto a nivel interministerial como interjurisdiccional, asegur\u00f3 el Ministerio de Salud en un comunicado.<\/p>\n\n\n\n<p>Cuenta con cinco ejes de trabajo: rector\u00eda, prevenci\u00f3n y promoci\u00f3n, atenci\u00f3n y posvenci\u00f3n, formaci\u00f3n del recurso humano y fortalecimiento de los sistemas de informaci\u00f3n, y vigilancia epidemiol\u00f3gica.<\/p>\n\n\n\n<p>En concordancia con la Ley reglamentada hace un a\u00f1o las acciones deben tender a garantizar el abordaje temprano e integral de esta problem\u00e1tica y al fortalecimiento de la red de atenci\u00f3n y la calidad de los registros sobre los suicidios consumados y los intentos de suicidio.<\/p>\n\n\n\n<p>Por su parte, la directora nacional de Salud Mental y Adicciones, Mariana Moreno, remarc\u00f3 la importancia de que todos los representantes de las jurisdicciones tengan conocimiento de lo que vamos a continuar trabajando en relaci\u00f3n a esta problem\u00e1tica\u00bb.<\/p>\n\n\n\n<p>La jornada mundial de prevenci\u00f3n del suicidio \u00abes un llamado para trabajar y demostrar que estos actos se pueden prevenir con intervenciones oportunas\u00bb, asegur\u00f3 la cartera.<\/p>\n\n\n\n<p>M\u00e1s de 70 pa\u00edses en simult\u00e1neo realizar\u00e1n acciones en este sentido, y que en la Argentina habr\u00e1 distintas actividades educativas y comunicacionales, agreg\u00f3.<\/p>\n","protected":false},"excerpt":{"rendered":"<p>La iniciativa tiene como objetivo promover l&iacute;neas de acci&oacute;n para la prevenci&oacute;n y atenci&oacute;n de esta problem&aacute;tica, como as&iacute; tambi&eacute;n articular el trabajo a nivel interministerial como interjurisdiccional. La ministra&hellip; <\/p>\n","protected":false},"author":3,"featured_media":1622,"comment_status":"closed","ping_status":"open","sticky":false,"template":"","format":"standard","meta":{"_monsterinsights_skip_tracking":false,"_monsterinsights_sitenote_active":false,"_monsterinsights_sitenote_note":"","_monsterinsights_sitenote_category":0},"categories":[4],"tags":[],"aioseo_notices":[],"_links":{"self":[{"href":"https:\/\/radionewsmisiones.ar\/site\/wp-json\/wp\/v2\/posts\/1621"}],"collection":[{"href":"https:\/\/radionewsmisiones.ar\/site\/wp-json\/wp\/v2\/posts"}],"about":[{"href":"https:\/\/radionewsmisiones.ar\/site\/wp-json\/wp\/v2\/types\/post"}],"author":[{"embeddable":true,"href":"https:\/\/radionewsmisiones.ar\/site\/wp-json\/wp\/v2\/users\/3"}],"replies":[{"embeddable":true,"href":"https:\/\/radionewsmisiones.ar\/site\/wp-json\/wp\/v2\/comments?post=1621"}],"version-history":[{"count":1,"href":"https:\/\/radionewsmisiones.ar\/site\/wp-json\/wp\/v2\/posts\/1621\/revisions"}],"predecessor-version":[{"id":1623,"href":"https:\/\/radionewsmisiones.ar\/site\/wp-json\/wp\/v2\/posts\/1621\/revisions\/1623"}],"wp:featuredmedia":[{"embeddable":true,"href":"https:\/\/radionewsmisiones.ar\/site\/wp-json\/wp\/v2\/media\/1622"}],"wp:attachment":[{"href":"https:\/\/radionewsmisiones.ar\/site\/wp-json\/wp\/v2\/media?parent=1621"}],"wp:term":[{"taxonomy":"category","embeddable":true,"href":"https:\/\/radionewsmisiones.ar\/site\/wp-json\/wp\/v2\/categories?post=1621"},{"taxonomy":"post_tag","embeddable":true,"href":"https:\/\/radionewsmisiones.ar\/site\/wp-json\/wp\/v2\/tags?post=1621"}],"curies":[{"name":"wp","href":"https:\/\/api.w.org\/{rel}","templated":true}]}}