{"id":1624,"date":"2022-09-07T22:36:48","date_gmt":"2022-09-08T01:36:48","guid":{"rendered":"https:\/\/radionewsmisiones.ar\/site\/?p=1624"},"modified":"2022-09-07T22:36:54","modified_gmt":"2022-09-08T01:36:54","slug":"alberto-fernandez-presento-el-programa-fierritas-que-previene-la-anemia-infantil","status":"publish","type":"post","link":"https:\/\/radionewsmisiones.ar\/site\/nacionales\/alberto-fernandez-presento-el-programa-fierritas-que-previene-la-anemia-infantil\/","title":{"rendered":"Alberto Fern\u00e1ndez present\u00f3 el programa \u00abFierritas\u00bb, que previene la anemia infantil"},"content":{"rendered":"\n<p>El presidente y la ministra de Salud, Carla Vizzotti, presentaron el programa que favorece el acceso de las personas gestantes, desde el inicio de la gestaci\u00f3n, a los primeros mil d\u00edas de su hijo o hija, con el seguimiento del estado, controles, atenci\u00f3n y cuidado.<\/p>\n\n\n\n<figure class=\"wp-block-image\"><a href=\"javascript:void(0);\"><img src=\"https:\/\/www.telam.com.ar\/thumbs\/bluesteel\/advf\/imagenes\/2022\/09\/63190c1542f5c_900.jpg\" alt=\"Foto Presidencia\"\/><\/a><figcaption>(Foto: Presidencia).<\/figcaption><\/figure>\n\n\n\n<p>El presidente Alberto Fern\u00e1ndez present\u00f3 este mi\u00e9rcoles el programa Fierritas, una de las estrategias del Plan 1000 d\u00edas para la prevenci\u00f3n integral de la anemia infantil, mediante un complemento nutricional que se producir\u00e1 en el Laboratorio P\u00fablico de medicamentos de la provincia de R\u00edo Negro.<\/p>\n\n\n\n<p>La presentaci\u00f3n se realiz\u00f3 esta tarde en Casa Rosada y Fern\u00e1ndez estuvo junto a la gobernadora de R\u00edo Negro, Arabela Carreras, y la ministra de Salud, Carla Vizzotti, informaron fuentes oficiales.<\/p>\n\n\n\n<p>Vizzotti destac\u00f3 \u00abla decisi\u00f3n pol\u00edtica desde el inicio de la gesti\u00f3n del Presidente\u00bb, y el trabajo conjunto \u00abpara que se genere un c\u00edrculo virtuoso entre la investigaci\u00f3n, el desarrollo, la producci\u00f3n, los laboratorios p\u00fablicos de las provincias, para poder producir insumos estrat\u00e9gicos\u00bb.<\/p>\n\n\n\n<p>La ministra tambi\u00e9n resalt\u00f3 la importancia del proyecto \u00abdesde el punto de vista econ\u00f3mico para las provincias, ya que es sustituci\u00f3n de importaciones\u00bb.<\/p>\n\n\n\n<p>Y puso en valor la Ley de 1000 d\u00edas \u00abque genera una sinergia de todo el gobierno nacional\u00bb a trav\u00e9s de \u00abdistintas \u00e1reas del Gobierno nacional que llegan a las provincias y favorecen el acceso de las personas gestantes, desde el inicio de la gestaci\u00f3n, a los primeros mil d\u00edas de su hijo o hija, para que el Estado acompa\u00f1e, haci\u00e9ndoles seguimiento, controles y provey\u00e9ndoles toda la atenci\u00f3n y cuidado\u00bb.<\/p>\n\n\n\n<p>Por su parte, el ministro de Salud de R\u00edo Negro, Luis Fabi\u00e1n Zgaib, presente tambi\u00e9n en el acto, remarc\u00f3 \u00abel rol que se le dio al laboratorio Profarse, que tiene 30 a\u00f1os y desde hace 10 se le ha dado una impronta distinta\u00bb, y agradeci\u00f3 por \u00abel gesto que tuvieron en abrirnos la puerta para que seamos los productores\u00bb.<\/p>\n\n\n\n<p>Del encuentro participaron adem\u00e1s el ministro de Planificaci\u00f3n de R\u00edo Negro, Daniel Sanguinetti; el diputado nacional Agust\u00edn Domingo; la presidenta de la Agencia Nacional de Laboratorios P\u00fablicos (Anlap), Ana L\u00eda Allemand, y la Directora T\u00e9cnica de Anlap, Natalia Albornoz.<\/p>\n\n\n\n<p>Fierritas es un complemento nutricional de hierro, zinc y vitamina A para ni\u00f1as y ni\u00f1os entre los 6 y 24 meses de vida con falta de adherencia al tratamiento con Sulfato Ferroso.<\/p>\n\n\n\n<figure class=\"wp-block-image\"><a href=\"javascript:void(0);\"><img src=\"https:\/\/www.telam.com.ar\/thumbs\/bluesteel\/advf\/imagenes\/2022\/09\/63190c152c8ee_900.jpg\" alt=\"Foto Presidencia\"\/><\/a><figcaption>(Foto: Presidencia).<\/figcaption><\/figure>\n\n\n\n<p>Se presenta en sobres individuales de un gramo y contiene micronutrientes en polvo que se pueden mezclar f\u00e1cilmente con los alimentos de los lactantes cuando comienzan con la alimentaci\u00f3n s\u00f3lida.<\/p>\n\n\n\n<p>Para esta primera etapa, el Ministerio de Salud defini\u00f3 la producci\u00f3n de 6.564.780 sobres de Fierritas, que representan una inversi\u00f3n de casi $ 250.000.000 y ser\u00e1n distribuidos dentro de la canasta de los 1.000 d\u00edas del Remediar, comenzando en las regiones de mayor prevalencia de anemia, es decir el Noroeste y Noreste argentino, indicaron las fuentes.<\/p>\n\n\n\n<p>Esta estrategia se enlaza con la producci\u00f3n nacional de medicamentos, ya que ser\u00e1 desarrollada en articulaci\u00f3n entre la Anlap, la Direcci\u00f3n Nacional de Abordajes de Cursos de Vida y el laboratorio Profarse de la provincia de R\u00edo Negro.<\/p>\n\n\n\n<p>De esta manera, se resuelve una demanda sanitaria insatisfecha, debido a la escasez nacional e internacional de oferta del producto y la alta prevalencia de la anemia infantil, una afecci\u00f3n que se traduce en una reducci\u00f3n de la capacidad de aprendizaje con consecuencias en el crecimiento.<\/p>\n\n\n\n<p>El proyecto Sprinkles (Chispitas Nutricionales) fue desarrollado inicialmente en Canad\u00e1 en 1996, aportaron las fuentes.<\/p>\n\n\n\n<p>Se trata de una iniciativa recomendada por el Fondo de las Naciones Unidas para la Infancia (Unicef) y la Organizaci\u00f3n Mundial de la Salud para reducir la deficiencia de hierro y la anemia, la deficiencia nutricional m\u00e1s prevalente en todo el mundo que afecta al 33 por ciento de las mujeres no embarazadas, al 40% de las embarazadas y al 42% de los ni\u00f1os.<\/p>\n\n\n\n<p>Por eso, con el compromiso de dar una respuesta para reducir la prevalencia de anemia en el pa\u00eds, el ministerio de Salud de la Naci\u00f3n, en colaboraci\u00f3n con Anlap, inici\u00f3 el proceso de producci\u00f3n de este medicamento esencial con una formulaci\u00f3n que aumenta la tolerancia, la aceptaci\u00f3n sensorial y es de f\u00e1cil administraci\u00f3n para mejorar la adherencia.<\/p>\n","protected":false},"excerpt":{"rendered":"<p>El presidente y la ministra de Salud, Carla Vizzotti, presentaron el programa que favorece el acceso de las personas gestantes, desde el inicio de la gestaci&oacute;n, a los primeros mil&hellip; <\/p>\n","protected":false},"author":3,"featured_media":1625,"comment_status":"closed","ping_status":"open","sticky":false,"template":"","format":"standard","meta":{"_monsterinsights_skip_tracking":false,"_monsterinsights_sitenote_active":false,"_monsterinsights_sitenote_note":"","_monsterinsights_sitenote_category":0},"categories":[4],"tags":[],"aioseo_notices":[],"_links":{"self":[{"href":"https:\/\/radionewsmisiones.ar\/site\/wp-json\/wp\/v2\/posts\/1624"}],"collection":[{"href":"https:\/\/radionewsmisiones.ar\/site\/wp-json\/wp\/v2\/posts"}],"about":[{"href":"https:\/\/radionewsmisiones.ar\/site\/wp-json\/wp\/v2\/types\/post"}],"author":[{"embeddable":true,"href":"https:\/\/radionewsmisiones.ar\/site\/wp-json\/wp\/v2\/users\/3"}],"replies":[{"embeddable":true,"href":"https:\/\/radionewsmisiones.ar\/site\/wp-json\/wp\/v2\/comments?post=1624"}],"version-history":[{"count":1,"href":"https:\/\/radionewsmisiones.ar\/site\/wp-json\/wp\/v2\/posts\/1624\/revisions"}],"predecessor-version":[{"id":1626,"href":"https:\/\/radionewsmisiones.ar\/site\/wp-json\/wp\/v2\/posts\/1624\/revisions\/1626"}],"wp:featuredmedia":[{"embeddable":true,"href":"https:\/\/radionewsmisiones.ar\/site\/wp-json\/wp\/v2\/media\/1625"}],"wp:attachment":[{"href":"https:\/\/radionewsmisiones.ar\/site\/wp-json\/wp\/v2\/media?parent=1624"}],"wp:term":[{"taxonomy":"category","embeddable":true,"href":"https:\/\/radionewsmisiones.ar\/site\/wp-json\/wp\/v2\/categories?post=1624"},{"taxonomy":"post_tag","embeddable":true,"href":"https:\/\/radionewsmisiones.ar\/site\/wp-json\/wp\/v2\/tags?post=1624"}],"curies":[{"name":"wp","href":"https:\/\/api.w.org\/{rel}","templated":true}]}}