{"id":1628,"date":"2022-09-08T22:42:31","date_gmt":"2022-09-09T01:42:31","guid":{"rendered":"https:\/\/radionewsmisiones.ar\/site\/?p=1628"},"modified":"2022-09-08T22:42:36","modified_gmt":"2022-09-09T01:42:36","slug":"itaembe-guazu-sumo-un-nuevo-transformador-a-su-red-que-garantiza-energia-para-28-mil-vecinos","status":"publish","type":"post","link":"https:\/\/radionewsmisiones.ar\/site\/provinciales\/itaembe-guazu-sumo-un-nuevo-transformador-a-su-red-que-garantiza-energia-para-28-mil-vecinos\/","title":{"rendered":"Itaemb\u00e9 Guaz\u00fa sum\u00f3 un nuevo transformador a su red que garantiza energ\u00eda para 28 mil vecinos"},"content":{"rendered":"\n<p><em>En el barrio Itaemb\u00e9 Guaz\u00fa de Posadas, el Gobernador puso en funcionamiento el segundo transformador de 8,5 MVA. De esta manera se duplicar\u00e1 la potencia instalada para garantizar un servicio de calidad a unos 28 mil vecinos de la zona. Herrera Ahuad tambi\u00e9n coment\u00f3 detalles del encuentro de gobernadores del Norte Grande. &nbsp;<\/em><\/p>\n\n\n\n<p><strong>POSADAS<\/strong><strong>.<\/strong> Esta tarde, el gobernador Oscar Herrera Ahuad puso en funcionamiento un nuevo transformador de 8,5 MVA y valor\u00f3 que el Estado ponga a disposici\u00f3n de los misioneros y misioneras estas inversiones que mejoran su calidad de vida. Vale recalcar que el nuevo equipo duplica la potencia instalada para garantizar un servicio de calidad a unos 28 mil vecinos del barrio Itaemb\u00e9 Guaz\u00fa, no solo potencia la energ\u00eda en la zona, sino que tambi\u00e9n acompa\u00f1a el crecimiento constante de este barrio del oeste posade\u00f1o.\u00a0<\/p>\n\n\n\n<figure class=\"wp-block-image size-full\"><img loading=\"lazy\" width=\"1024\" height=\"683\" src=\"https:\/\/radionewsmisiones.ar\/site\/wp-content\/uploads\/2022\/09\/4-9.jpeg\" alt=\"\" class=\"wp-image-1629\" srcset=\"https:\/\/radionewsmisiones.ar\/site\/wp-content\/uploads\/2022\/09\/4-9.jpeg 1024w, https:\/\/radionewsmisiones.ar\/site\/wp-content\/uploads\/2022\/09\/4-9-300x200.jpeg 300w, https:\/\/radionewsmisiones.ar\/site\/wp-content\/uploads\/2022\/09\/4-9-768x512.jpeg 768w\" sizes=\"(max-width: 1024px) 100vw, 1024px\" \/><\/figure>\n\n\n\n<p>El mandatario provincial coment\u00f3 que el nuevo transformador es fundamental, ya que forma parte de un \u00abplan de inversiones que venimos haciendo desde hace unos a\u00f1os y que tiene que ver con el crecimiento y el desarrollo de diferentes sectores estrat\u00e9gicos\u00bb. Valor\u00f3 su funcionalidad en tiempos complejos frente a la demanda de energ\u00eda por los procesos productivos en una zona que alimenta al Parque Industrial y de la Innovaci\u00f3n Posadas, el barrio Cruz del Sur y todo Itaemb\u00e9 Guaz\u00fa. Remarc\u00f3 que duplicar\u00e1 la potencia de energ\u00eda en especial en verano, cuando se sumen las viviendas que est\u00e1n pr\u00f3ximas a entregarse.&nbsp;<\/p>\n\n\n\n<p>Herrera Ahuad hizo referencia a la complejidad de la adquisici\u00f3n del transformador, \u201cfruto del trabajo, de una planificaci\u00f3n, pero tambi\u00e9n de la decisi\u00f3n pol\u00edtica\u00bb especialmente para lidiar con los picos m\u00e1ximos de energ\u00eda de los pr\u00f3ximos dos o tres meses. Adem\u00e1s, anunci\u00f3 que ma\u00f1ana se firmar\u00e1 la concreci\u00f3n del Parque Solar Fotovoltaico de 10 megas en San Javier, una iniciativa que forma parte del plan provincial para dotar a la regi\u00f3n de un mix variado de sistemas de energ\u00eda. Igualmente, adelant\u00f3 que dentro de un mes se va a realizar la apertura de sobres de la licitaci\u00f3n de las obras de la l\u00ednea 33 kV San Vicente y San Pedro, al igual que la l\u00ednea 33 kV San Vicente y El Soberbio. \u00abTambi\u00e9n estamos incorporando equipos de generaci\u00f3n en San Pedro y en San Antonio\u00bb, a\u00f1adi\u00f3.&nbsp;<\/p>\n\n\n\n<p>A su turno, la presidenta de Energ\u00eda de Misiones, Virginia Kluka asegur\u00f3 que el transformador y su puesta en marcha se realizaron totalmente con fondos provinciales.&nbsp;<\/p>\n\n\n\n<p>Entre los asistentes al evento estuvieron funcionaros locales, gerentes y operarios de EMSA S.A. &nbsp;<\/p>\n\n\n\n<p><strong>Reuni\u00f3n del Norte Grande&nbsp;<\/strong><\/p>\n\n\n\n<p>En la misma oportunidad, el Gobernador coment\u00f3 acerca de la agenda de trabajo de la \u00faltima cumbre de gobernadores del Norte Grande. Inform\u00f3 que \u00abfue una reuni\u00f3n donde lo convocante fue la feria de Expo Norte Grande\u00bb y remarc\u00f3 que \u00abpor primera vez muchas mesas de negocios se realizan en una expo de estas caracter\u00edsticas donde industrias de diferentes provincias, sin pasar por la Capital Federal, pueden definir un mercado\u00bb. No obstante, declar\u00f3 que a la agenda del encuentro se sumaron las discusiones sobre los subsidios a la energ\u00eda, el fortalecimiento de laboratorios de especialidades m\u00e9dicas en las provincias y la redacci\u00f3n de una ley destinada a las industrias cinematogr\u00e1ficas.&nbsp;<\/p>\n\n\n\n<p>De la misma forma, expres\u00f3 que otro de los temas tratados fue el fortalecimiento de los corredores a\u00e9reos entre las provincias del Norte Grande. Una cuesti\u00f3n que Misiones ya viene avanzando con diversas conexiones. Sostuvo que \u00abel compromiso es seguir trabajando sobre estos corredores federales y es importante para Misiones, porque en esta pol\u00edtica del acceso que est\u00e1n teniendo los argentinos a la posibilidad de generar turismo a trav\u00e9s de los programas Previaje, en este caso el Previaje 3, tambi\u00e9n nos va a dar la posibilidad de que no solo Puerto Iguaz\u00fa sea el lugar de destino. Hoy la provincia de Misiones es un destino cada fin de semana, y est\u00e1 entre el 70, el 90 y el 100% en algunos lugares de ocupaci\u00f3n hotelera. Es un movimiento econ\u00f3mico interesante que ha generado muchos puestos de trabajo\u00bb.&nbsp;<\/p>\n\n\n\n<p>Hacia al final, garantiz\u00f3 la apertura del Aeropuerto Libertador General Jos\u00e9 de San Mart\u00edn de Posadas para el 5 de octubre y dijo que acompa\u00f1ado de autoridades supervis\u00f3 el avance de las reformas. \u00abTenemos muy buena expectativa porque vemos que la obra avanza\u00bb, agreg\u00f3.<\/p>\n","protected":false},"excerpt":{"rendered":"<p>En el barrio Itaemb&eacute; Guaz&uacute; de Posadas, el Gobernador puso en funcionamiento el segundo transformador de 8,5 MVA. De esta manera se duplicar&aacute; la potencia instalada para garantizar un servicio&hellip; <\/p>\n","protected":false},"author":3,"featured_media":1630,"comment_status":"closed","ping_status":"open","sticky":false,"template":"","format":"standard","meta":{"_monsterinsights_skip_tracking":false,"_monsterinsights_sitenote_active":false,"_monsterinsights_sitenote_note":"","_monsterinsights_sitenote_category":0},"categories":[3],"tags":[],"aioseo_notices":[],"_links":{"self":[{"href":"https:\/\/radionewsmisiones.ar\/site\/wp-json\/wp\/v2\/posts\/1628"}],"collection":[{"href":"https:\/\/radionewsmisiones.ar\/site\/wp-json\/wp\/v2\/posts"}],"about":[{"href":"https:\/\/radionewsmisiones.ar\/site\/wp-json\/wp\/v2\/types\/post"}],"author":[{"embeddable":true,"href":"https:\/\/radionewsmisiones.ar\/site\/wp-json\/wp\/v2\/users\/3"}],"replies":[{"embeddable":true,"href":"https:\/\/radionewsmisiones.ar\/site\/wp-json\/wp\/v2\/comments?post=1628"}],"version-history":[{"count":1,"href":"https:\/\/radionewsmisiones.ar\/site\/wp-json\/wp\/v2\/posts\/1628\/revisions"}],"predecessor-version":[{"id":1631,"href":"https:\/\/radionewsmisiones.ar\/site\/wp-json\/wp\/v2\/posts\/1628\/revisions\/1631"}],"wp:featuredmedia":[{"embeddable":true,"href":"https:\/\/radionewsmisiones.ar\/site\/wp-json\/wp\/v2\/media\/1630"}],"wp:attachment":[{"href":"https:\/\/radionewsmisiones.ar\/site\/wp-json\/wp\/v2\/media?parent=1628"}],"wp:term":[{"taxonomy":"category","embeddable":true,"href":"https:\/\/radionewsmisiones.ar\/site\/wp-json\/wp\/v2\/categories?post=1628"},{"taxonomy":"post_tag","embeddable":true,"href":"https:\/\/radionewsmisiones.ar\/site\/wp-json\/wp\/v2\/tags?post=1628"}],"curies":[{"name":"wp","href":"https:\/\/api.w.org\/{rel}","templated":true}]}}