{"id":1636,"date":"2022-09-08T22:51:00","date_gmt":"2022-09-09T01:51:00","guid":{"rendered":"https:\/\/radionewsmisiones.ar\/site\/?p=1636"},"modified":"2022-09-08T22:51:04","modified_gmt":"2022-09-09T01:51:04","slug":"mas-de-300-agentes-de-salud-del-primer-nivel-de-atencion-presentes-en-el-congreso-internacional-de-atencion-primaria","status":"publish","type":"post","link":"https:\/\/radionewsmisiones.ar\/site\/provinciales\/mas-de-300-agentes-de-salud-del-primer-nivel-de-atencion-presentes-en-el-congreso-internacional-de-atencion-primaria\/","title":{"rendered":"M\u00e1s de 300 agentes de salud del primer nivel de atenci\u00f3n presentes en el Congreso Internacional de Atenci\u00f3n Primaria"},"content":{"rendered":"\n<p>Con la presencia de m\u00e1s de 300 agentes del primer nivel de atenci\u00f3n de Misiones se dio inicio al primer d\u00eda del Congreso Internacional de Atenci\u00f3n Primaria \u201cHay un motivo, sos Vos\u201d, en el Centro de Convenciones y Eventos de Posadas, organizado por el Ministerio de Salud P\u00fablica.<\/p>\n\n\n\n<p><br>El evento tiene como fin brindar un reconocimiento al trabajo que realizan los agentes de salud y profesionales en las \u00e1reas del Primer Nivel de atenci\u00f3n en las 6 zonas sanitarias de la provincia.<\/p>\n\n\n\n<p>El acto de apertura fue presidido por el vicegobernador Carlos Arce y el ministro de Salud P\u00fablica, Oscar Alarc\u00f3n, quienes estuvieron acompa\u00f1ados por el vicepresidente de la C\u00e1mara de Representantes, Hugo Passalacqua, la presidenta del Parque del Conocimiento, Claudia Gauto, el subsecretario de Atenci\u00f3n Primaria, Danielo Silva y Subsecretaria de Articulaci\u00f3n Interministerial e Integraci\u00f3n de Sistemas, Yelen<br>Ledesma.<\/p>\n\n\n\n<p><br>El vicegobernador Carlos Arce se\u00f1al\u00f3 que \u00abes importante reconocer el trabajo de todos estos a\u00f1os, escuchando a qui\u00e9nes solucionan el 80 a 90 % de los problemas de salud de nuestra poblaci\u00f3n, porque la atenci\u00f3n primaria soluciona eso, del 80 a 90 % de los problemas de salud de cada Misionero\u00bb.<br>Y agreg\u00f3: \u201chay que reforzar, estar y seguir trabajando por la salud , que c\u00f3mo decimos siempre no es la ausencia de la enfermedad, sino un bienestar biopsicosocial y espiritual que nosotros perseguimos c\u00f3mo objetivo para los misioneros\u00bb, destac\u00f3 Arce.<\/p>\n\n\n\n<figure class=\"wp-block-image size-full\"><img loading=\"lazy\" width=\"640\" height=\"427\" src=\"https:\/\/radionewsmisiones.ar\/site\/wp-content\/uploads\/2022\/09\/Congreso-APS-7.jpeg\" alt=\"\" class=\"wp-image-1637\" srcset=\"https:\/\/radionewsmisiones.ar\/site\/wp-content\/uploads\/2022\/09\/Congreso-APS-7.jpeg 640w, https:\/\/radionewsmisiones.ar\/site\/wp-content\/uploads\/2022\/09\/Congreso-APS-7-300x200.jpeg 300w\" sizes=\"(max-width: 640px) 100vw, 640px\" \/><\/figure>\n\n\n\n<p>Por su parte, el ministro de Salud P\u00fablica, Oscar Alarc\u00f3n remarc\u00f3 que entre el 80 y 90<br>% de todas las situaciones de salud son resueltas en estos centros de atenci\u00f3n, por es<\/p>\n\n\n\n<p>tan importante y valorable el trabajo de nuestros equipos\u201d. Hoy tenemos m\u00e1s de 365<br>CAPS, m\u00e1s de 34 hospitales nivel I, m\u00e1s de 9 hospitales nivel III y 5 nivel II. Con un<br>gran despliegue de atenci\u00f3n primaria en toda la provincia, con sus m\u00e1s de 1300<br>agentes de salud promotores de salud que recorren toda la tierra colorada\u00bb, destac\u00f3<br>Alarc\u00f3n.<\/p>\n\n\n\n<p>En esa l\u00ednea, el diputado Hugo Passalacqua expres\u00f3: \u00abNosotros tenemos el 30% de<br>las leyes de C\u00e1mara dedicadas a salud, es por lejos la provincia que m\u00e1s le dedica<br>legislaci\u00f3n a la sanidad. Pero si no estuviera la atenci\u00f3n primaria el sistema de salud<br>nuestro, que es ejemplar a nivel nacional, quebrar\u00eda\u00bb.<\/p>\n\n\n\n<p>Por \u00faltimo, la presidente del Parque del Conocimiento, Claudia Gauto declar\u00f3 que,<br>\u00abeste modelo de atenci\u00f3n primaria de salud es un ejemplo en el pa\u00eds y en el mundo\u00bb. Y<br>agradeci\u00f3 a todos los agentes de salud promotores y promotoras de salud, m\u00e9dicos y<br>m\u00e9dicas que son los que llevan adelante el cuidado en el territorio de cada Misionero.<\/p>\n\n\n\n<p>En estos dos d\u00edas, los participantes compartir\u00e1n experiencias de trabajo y fortalecer\u00e1n<br>los lazos en la atenci\u00f3n primaria. Al ingresar al Centro de Convenciones se podr\u00e1n ver<br>diversos stands con las presentaciones y trabajos que realizando nuestros equipos del<br>primer nivel de atenci\u00f3n en toda la provincia. Un representante de cada zona de Salud<br>en la primera parte la jornada de hoy compartieron con sus pares sus experiencias en<br>una breve participaci\u00f3n sobre distintas l\u00edneas de cuidados: nutrici\u00f3n, salud materno<br>infantil, discapacidad, salud adolescente, salud mental, inmunizaciones, entre otros.<\/p>\n","protected":false},"excerpt":{"rendered":"<p>Con la presencia de m&aacute;s de 300 agentes del primer nivel de atenci&oacute;n de Misiones se dio inicio al primer d&iacute;a del Congreso Internacional de Atenci&oacute;n Primaria &ldquo;Hay un motivo,&hellip; <\/p>\n","protected":false},"author":3,"featured_media":1638,"comment_status":"closed","ping_status":"open","sticky":false,"template":"","format":"standard","meta":{"_monsterinsights_skip_tracking":false,"_monsterinsights_sitenote_active":false,"_monsterinsights_sitenote_note":"","_monsterinsights_sitenote_category":0},"categories":[3],"tags":[19],"aioseo_notices":[],"_links":{"self":[{"href":"https:\/\/radionewsmisiones.ar\/site\/wp-json\/wp\/v2\/posts\/1636"}],"collection":[{"href":"https:\/\/radionewsmisiones.ar\/site\/wp-json\/wp\/v2\/posts"}],"about":[{"href":"https:\/\/radionewsmisiones.ar\/site\/wp-json\/wp\/v2\/types\/post"}],"author":[{"embeddable":true,"href":"https:\/\/radionewsmisiones.ar\/site\/wp-json\/wp\/v2\/users\/3"}],"replies":[{"embeddable":true,"href":"https:\/\/radionewsmisiones.ar\/site\/wp-json\/wp\/v2\/comments?post=1636"}],"version-history":[{"count":1,"href":"https:\/\/radionewsmisiones.ar\/site\/wp-json\/wp\/v2\/posts\/1636\/revisions"}],"predecessor-version":[{"id":1639,"href":"https:\/\/radionewsmisiones.ar\/site\/wp-json\/wp\/v2\/posts\/1636\/revisions\/1639"}],"wp:featuredmedia":[{"embeddable":true,"href":"https:\/\/radionewsmisiones.ar\/site\/wp-json\/wp\/v2\/media\/1638"}],"wp:attachment":[{"href":"https:\/\/radionewsmisiones.ar\/site\/wp-json\/wp\/v2\/media?parent=1636"}],"wp:term":[{"taxonomy":"category","embeddable":true,"href":"https:\/\/radionewsmisiones.ar\/site\/wp-json\/wp\/v2\/categories?post=1636"},{"taxonomy":"post_tag","embeddable":true,"href":"https:\/\/radionewsmisiones.ar\/site\/wp-json\/wp\/v2\/tags?post=1636"}],"curies":[{"name":"wp","href":"https:\/\/api.w.org\/{rel}","templated":true}]}}