{"id":1640,"date":"2022-09-08T22:54:06","date_gmt":"2022-09-09T01:54:06","guid":{"rendered":"https:\/\/radionewsmisiones.ar\/site\/?p=1640"},"modified":"2022-09-08T22:54:12","modified_gmt":"2022-09-09T01:54:12","slug":"el-ministro-del-interior-destaco-los-acuerdos-para-el-desarrollo-que-impulsan-los-encuentros-del-norte-grande","status":"publish","type":"post","link":"https:\/\/radionewsmisiones.ar\/site\/nacionales\/el-ministro-del-interior-destaco-los-acuerdos-para-el-desarrollo-que-impulsan-los-encuentros-del-norte-grande\/","title":{"rendered":"El ministro del Interior destac\u00f3 los acuerdos para el desarrollo que impulsan los encuentros del Norte Grande"},"content":{"rendered":"\n<p>El ministro del Interior, Wado de Pedro, acompa\u00f1\u00f3 este jueves en Chaco al jefe de Gabinete, Juan Manzur, durante la 13\u00aa Asamblea del Consejo Regional del Norte Grande -integrado por 10 provincias de esa zona del pa\u00eds-, donde se analizaron, entre otros temas, avances del plan director del Corredor Bioce\u00e1nico, las tarifas segmentadas en forma diferencial para la regi\u00f3n, el dise\u00f1o del plan de conectividad a\u00e9rea del Norte Grande, el plan para el desarrollo de una red federal de laboratorios p\u00fablicos y un proyecto federal para la industria audiovisual. En ese contexto, el titular de la cartera de Interior destac\u00f3 que \u201ceste es otro paso m\u00e1s en ese acuerdo que hicimos entre el Gobierno nacional y los gobernadores del Norte Grande para unir una regi\u00f3n de la Argentina que ha sido postergada durante much\u00edsimos a\u00f1os\u201d, al tiempo que asegur\u00f3 que estas reuniones \u201ctienen que ver con encontrar los acuerdos para el desarrollo\u00bb.<\/p>\n\n\n\n<figure class=\"wp-block-image size-large\"><img loading=\"lazy\" width=\"1024\" height=\"526\" src=\"https:\/\/radionewsmisiones.ar\/site\/wp-content\/uploads\/2022\/09\/unwado-1024x526.jpg\" alt=\"\" class=\"wp-image-1641\" srcset=\"https:\/\/radionewsmisiones.ar\/site\/wp-content\/uploads\/2022\/09\/unwado-1024x526.jpg 1024w, https:\/\/radionewsmisiones.ar\/site\/wp-content\/uploads\/2022\/09\/unwado-300x154.jpg 300w, https:\/\/radionewsmisiones.ar\/site\/wp-content\/uploads\/2022\/09\/unwado-768x395.jpg 768w, https:\/\/radionewsmisiones.ar\/site\/wp-content\/uploads\/2022\/09\/unwado.jpg 1280w\" sizes=\"(max-width: 1024px) 100vw, 1024px\" \/><\/figure>\n\n\n\n<p>Del encuentro tambi\u00e9n participaron el gobernador de Chaco, Jorge Capitanich; de Santiago del Estero y presidente pro t\u00e9mpore del Consejo, Gerardo Zamora; el gobernador de Formosa, Gildo Insfr\u00e1n; de Corrientes, Gustavo Vald\u00e9s; de Jujuy, Gerardo Morales; de La Rioja, Ricardo Quintela; de Misiones, Oscar Herrera Ahuad; de Tucum\u00e1n, Osvaldo Jaldo; el vicegobernador de Catamarca, Rub\u00e9n Dusso; y el vicegobernador de Salta, Antonio Marocco.<\/p>\n\n\n\n<p>\u201cLos gobernadores vienen trabajando de manera coordinada ya desde hace m\u00e1s de dos a\u00f1os con acuerdos, con gestiones concretas, con reivindicaciones puntuales, en coordinaci\u00f3n con el Gobierno para que eso que decimos, que sentimos y que queremos, que es el federalismo, se pueda dar\u00bb, a\u00f1adi\u00f3 de Pedro.<\/p>\n\n\n\n<p>\u201cEl objetivo nuestro es un pa\u00eds m\u00e1s federal. Lo llevamos en la sangre, en el coraz\u00f3n, en la cabeza, es el pensamiento nuestro. Para que la Argentina sea federal tiene que tener empleo, genuino y de calidad en cada uno de los rincones de la Argentina. Para que haya empleo hacen falta inversiones, empresarios, comerciantes. Eso se da cuando hay niveles similares de competitividad\u201d, asegur\u00f3 el ministro del Interior durante el encuentro, que tuvo lugar en el Centro de Convenciones Gala de la ciudad de Resistencia, y del que tambi\u00e9n participaron la ministra de Salud, Carla Vizzotti; el secretario de Comercio, Mat\u00edas Tombolini; la subsecretaria de Equidad Regional, Paula Espa\u00f1ol; el subsecretario de Relaciones Municipales, Pablo Giles; y el secretario general del Consejo Federal de Inversiones (CFI), Ignacio Lamothe.<\/p>\n\n\n\n<p>Asimismo, el titular de la cartera pol\u00edtica destac\u00f3 que se est\u00e9 pensando la log\u00edstica a nivel pa\u00eds para que se pueda potenciar el perfil productivo que hay en el norte. \u00abAl estar lejos del puerto de Buenos Aires tenemos que dise\u00f1ar otra log\u00edstica y ah\u00ed van a estar muy presentes los corredores bioce\u00e1nicos, la salida al oc\u00e9ano Pac\u00edfico por Catamarca y por La Rioja. Eso va a dar una nueva competitividad a todos los productos del norte que necesite el mundo\u00bb, asegur\u00f3.<\/p>\n\n\n\n<p>Previamente, Juan Manzur se refiri\u00f3 a que la Argentina es \u201cun pa\u00eds grande, extenso, diverso, rico, pero no es igual\u201d por lo que \u201cno se pueden plantear las mismas pol\u00edticas para las regiones\u201d. \u201cPor eso pensamos en c\u00f3mo potenciar pol\u00edticas p\u00fablicas que puedan torcer las desigualdades, cerrar brechas y generar todos los d\u00edas m\u00e1s oportunidades e inclusi\u00f3n\u201d, afirm\u00f3 el ministro coordinador.<\/p>\n\n\n\n<p>El jefe de Gabinete destac\u00f3 el rol del Gobierno Nacional y dijo que \u201cva a estar a la par de los gobernadores para potenciar nuestro Norte Grande\u201d ya que \u201cse est\u00e1n realizando importantes inversiones para que los productos de la regi\u00f3n lleguen a nuevos mercados globales\u201d.<\/p>\n\n\n\n<p>Manzur detall\u00f3 que pudieron ver un estudio t\u00e9cnico sobre la log\u00edstica y las prioridades en obras de infraestructura, consensuado con los equipos t\u00e9cnicos provinciales y con el aval pol\u00edtico de los gobernadores, para potenciar todo lo que tiene que ver con el norte argentino y para que sus productos sean m\u00e1s competitivos. \u201cEstas son las grandes obras de infraestructura que el norte argentino requiere. Estas obras van a exceder los periodos democr\u00e1ticos de gobierno, con lo cual hay que generar los consensos necesarios, que todos estemos de acuerdo y que esto sea lo que hay que impulsar\u201d, afirm\u00f3.<\/p>\n\n\n\n<p>A su turno, Jorge Capitanich ponder\u00f3 la tarea que viene realizando el Consejo Regional del Norte Grande donde se ha propuesto \u201ctrabajar sistem\u00e1tica y peri\u00f3dicamente con una agenda amplia y extensa, de la que logramos resultados importantes\u201d.<\/p>\n\n\n\n<p>\u201cHemos requerido corregir asimetr\u00edas estructurales. Eso es plan de inversi\u00f3n de infraestructura del Corredor Bioce\u00e1nico del Norte Grande. No necesitamos ir a Las Toninas en Buenos Aires, queremos unir Atl\u00e1ntico con Pacifico. Todo est\u00e1 conectado desde Buenos Aires. Queremos conectarnos con un sentido trasversal y federal\u201d, afirm\u00f3 el gobernador de Chaco.<\/p>\n\n\n\n<p>Antes de la asamblea, los gobernadores con la comitiva nacional inauguraron y recorrieron la 1\u00b0 Expo Norte Grande que se llevar\u00e1 a cabo hasta el domingo 11 en el mismo Centro de Convenciones Gala, en un predio de 32.000 mil metros cuadrados. La Expo Norte Grande recibir\u00e1 a cerca de 500 expositores, trazando un recorrido que va desde la red de la ruta gastron\u00f3mica de la regi\u00f3n, pasando por sus industrias, el comercio y los stands institucionales, en los que cada provincia exhibir\u00e1 sus particularidades y potencialidades.<\/p>\n\n\n\n<p>Con entrada gratuita, cada jornada, de 16 a 00 horas, incluir\u00e1 propuestas art\u00edsticas y culturales, con m\u00e1s de 100 artistas en escena, rondas de negocios, Foro de las Culturas, Congreso de emprendedores y jornadas de Turismo de Integraci\u00f3n.<\/p>\n\n\n\n<p>El Consejo Regional del Norte Grande est\u00e1 compuesto por gobernadores de 10 provincias de distintos espacios pol\u00edticos, y persigue -entre otros objetivos- impulsar el desarrollo regional estrat\u00e9gico, as\u00ed como corregir asimetr\u00edas estructurales que poseen los distritos de esa regi\u00f3n del pa\u00eds, priorizando temas como la infraestructura y log\u00edstica integrada, redes viales, conectividad e implementaci\u00f3n de tarifas energ\u00e9ticas diferenciadas.<\/p>\n","protected":false},"excerpt":{"rendered":"<p>El ministro del Interior, Wado de Pedro, acompa&ntilde;&oacute; este jueves en Chaco al jefe de Gabinete, Juan Manzur, durante la 13&ordf; Asamblea del Consejo Regional del Norte Grande -integrado por&hellip; <\/p>\n","protected":false},"author":3,"featured_media":1643,"comment_status":"closed","ping_status":"open","sticky":false,"template":"","format":"standard","meta":{"_monsterinsights_skip_tracking":false,"_monsterinsights_sitenote_active":false,"_monsterinsights_sitenote_note":"","_monsterinsights_sitenote_category":0},"categories":[4],"tags":[],"aioseo_notices":[],"_links":{"self":[{"href":"https:\/\/radionewsmisiones.ar\/site\/wp-json\/wp\/v2\/posts\/1640"}],"collection":[{"href":"https:\/\/radionewsmisiones.ar\/site\/wp-json\/wp\/v2\/posts"}],"about":[{"href":"https:\/\/radionewsmisiones.ar\/site\/wp-json\/wp\/v2\/types\/post"}],"author":[{"embeddable":true,"href":"https:\/\/radionewsmisiones.ar\/site\/wp-json\/wp\/v2\/users\/3"}],"replies":[{"embeddable":true,"href":"https:\/\/radionewsmisiones.ar\/site\/wp-json\/wp\/v2\/comments?post=1640"}],"version-history":[{"count":1,"href":"https:\/\/radionewsmisiones.ar\/site\/wp-json\/wp\/v2\/posts\/1640\/revisions"}],"predecessor-version":[{"id":1644,"href":"https:\/\/radionewsmisiones.ar\/site\/wp-json\/wp\/v2\/posts\/1640\/revisions\/1644"}],"wp:featuredmedia":[{"embeddable":true,"href":"https:\/\/radionewsmisiones.ar\/site\/wp-json\/wp\/v2\/media\/1643"}],"wp:attachment":[{"href":"https:\/\/radionewsmisiones.ar\/site\/wp-json\/wp\/v2\/media?parent=1640"}],"wp:term":[{"taxonomy":"category","embeddable":true,"href":"https:\/\/radionewsmisiones.ar\/site\/wp-json\/wp\/v2\/categories?post=1640"},{"taxonomy":"post_tag","embeddable":true,"href":"https:\/\/radionewsmisiones.ar\/site\/wp-json\/wp\/v2\/tags?post=1640"}],"curies":[{"name":"wp","href":"https:\/\/api.w.org\/{rel}","templated":true}]}}