{"id":1645,"date":"2022-09-08T22:58:10","date_gmt":"2022-09-09T01:58:10","guid":{"rendered":"https:\/\/radionewsmisiones.ar\/site\/?p=1645"},"modified":"2022-09-08T22:58:15","modified_gmt":"2022-09-09T01:58:15","slug":"la-direccion-general-de-personas-juridicas-y-registro-publico-habilito-su-portal-virtual-para-tramites-online","status":"publish","type":"post","link":"https:\/\/radionewsmisiones.ar\/site\/provinciales\/la-direccion-general-de-personas-juridicas-y-registro-publico-habilito-su-portal-virtual-para-tramites-online\/","title":{"rendered":"La Direcci\u00f3n General de Personas Jur\u00eddicas y Registro P\u00fablico habilit\u00f3 su portal virtual para tr\u00e1mites online"},"content":{"rendered":"\n<p>A trav\u00e9s de la p\u00e1gina web https:\/\/portal.personasjuridicas.misiones.gob.ar. los usuarios podr\u00e1n<br>iniciar los distintos tr\u00e1mites contando con documentaci\u00f3n avalada por un escribano con firma digital. En la presentaci\u00f3n estuvieron el ministro de Gobierno, Marcelo P\u00e9rez, y el subsecretario de Seguridad y Justicia, Ariel Marinoni. Adem\u00e1s, los directores del \u00e1rea, H\u00e9ctor Franco y Mirna Lewtak.<\/p>\n\n\n\n<figure class=\"wp-block-image size-large\"><img loading=\"lazy\" width=\"1024\" height=\"682\" src=\"https:\/\/radionewsmisiones.ar\/site\/wp-content\/uploads\/2022\/09\/Registro-Publico-2-1024x682.jpeg\" alt=\"\" class=\"wp-image-1646\" srcset=\"https:\/\/radionewsmisiones.ar\/site\/wp-content\/uploads\/2022\/09\/Registro-Publico-2-1024x682.jpeg 1024w, https:\/\/radionewsmisiones.ar\/site\/wp-content\/uploads\/2022\/09\/Registro-Publico-2-300x200.jpeg 300w, https:\/\/radionewsmisiones.ar\/site\/wp-content\/uploads\/2022\/09\/Registro-Publico-2-768x512.jpeg 768w, https:\/\/radionewsmisiones.ar\/site\/wp-content\/uploads\/2022\/09\/Registro-Publico-2.jpeg 1280w\" sizes=\"(max-width: 1024px) 100vw, 1024px\" \/><\/figure>\n\n\n\n<p><br>Posadas. La Direcci\u00f3n General de Personas Jur\u00eddicas y Registro P\u00fablico del Ministerio de Gobierno puso en marcha hoy su nuevo portal digital h<a href=\"ttps:\/\/portal.personasjuridicas.misiones.gob.ar\" title=\"ttps:\/\/portal.personasjuridicas.misiones.gob.ar\">ttps:\/\/portal.personasjuridicas.misiones.gob.ar<\/a>, en el cual podr\u00e1n<br>realizar tr\u00e1mites online los usuarios que cuenten con los documentos avalados por un escribano mediante la firma digital.<\/p>\n\n\n\n<p><br>Adem\u00e1s, en la oportunidad tambi\u00e9n se entregaron equipos de inform\u00e1tica con tecnolog\u00eda de avanzada, en el marco del plan de modernizaci\u00f3n y digitalizaci\u00f3n del \u00e1rea que apunta a agilizar y facilitar las gestiones. La actividad se llev\u00f3 adelante en el edificio del Registro que se encuentra en avenida Roque P\u00e9rez N\u00b02398.<br>En el lugar, estuvo presente el ministro de Gobierno Marcelo P\u00e9rez, junto al subsecretario de Seguridad de Justicia Ariel Marinoni. As\u00ed tambi\u00e9n, el director General del Registro P\u00fablico y Asociaciones Civiles, H\u00e9ctor Franco, y su par la directora Mirna Lewtak.<\/p>\n\n\n\n<p><br>El titular de la cartera ministerial destac\u00f3 las bondades del sistema, que tiene como uno de sus objetivos principales facilitar los tr\u00e1mites a los usuarios, adem\u00e1s de agilizarlos.<br>\u201cEs tecnolog\u00eda puesta al servicio del pueblo de Misiones para que las gestiones sean m\u00e1s sencillas, que no tengan que viajar largas distancias para hacer los tr\u00e1mites. La digitalizaci\u00f3n ayuda a que todo el proceso sea m\u00e1s f\u00e1cil y ameno para el ciudadano\u201d, resalt\u00f3 P\u00e9rez.<\/p>\n\n\n\n<p><br>Los usuarios podr\u00e1n gestionar la Inscripci\u00f3n de Uniones Transitorias; Inscripci\u00f3n de Sociedades; Inscripci\u00f3n de Consorcios de Cooperaci\u00f3n; Aumento de Capital S.A.; Fideicomiso, Aumento de Capital S.A.S y S.R.L. As\u00ed tambi\u00e9n, la Inscripci\u00f3n de Directorio S.A. y SAS Un\u00e1nime; Inscripci\u00f3n de Directorio S.A.; Inscripci\u00f3n de Gerente o Administrador S.A.; de Sustituci\u00f3n de Fiduciario; de Pr\u00f3rroga de Plazo\/Reconducci\u00f3n; Cesi\u00f3n de Cuotas\/Acciones; y Cambio de Domicilio Social.<\/p>\n\n\n\n<p> <br>En este contexto, el director General del Registro P\u00fablico y Asociaciones Civiles, H\u00e9ctor Franco, explic\u00f3 que para iniciar las gestiones se debe ingresar a la p\u00e1gina web y registrarse en el sitio con los datos personales (nombre y apellido, cuit y mail, tel\u00e9fono).<br>El siguiente paso reside en Crear el Tr\u00e1mite, en el cual se deber\u00e1 seleccionar el tipo de tr\u00e1mite, subir los archivos y elegir un escribano. Despu\u00e9s, enviar la solicitud, que una vez aprobada podr\u00e1 visualizarla en la<br>secci\u00f3n Listar Tr\u00e1mites.<br>Por otro lado, tambi\u00e9n se entregaron equipos inform\u00e1ticos, entre ellos, 10 PC de oficina, 2 Esc\u00e1ner multifunci\u00f3n, 2 Esc\u00e1ner de alto rendimiento. \u201cCambiamos el paradigma con un proyecto innovador y todo eso se ve plasmado en la nueva cara que tiene el registro, que ayuda a mejorar el servicio prestado a los misioneros\u201d, concluy\u00f3 el ministro P\u00e9rez.<\/p>\n\n\n\n<p><br>Acompa\u00f1aron la actividad el presidente del Colegio de Abogados Fernando Orbe; tambi\u00e9n Juan Sarquis Rocabert, miembro del Colegio de Escribanos; y el presidente del Colegio de Ciencias Econ\u00f3micas, Mariano Amable.<\/p>\n","protected":false},"excerpt":{"rendered":"<p>A trav&eacute;s de la p&aacute;gina web https:\/\/portal.personasjuridicas.misiones.gob.ar. los usuarios podr&aacute;niniciar los distintos tr&aacute;mites contando con documentaci&oacute;n avalada por un escribano con firma digital. En la presentaci&oacute;n estuvieron el ministro de&hellip; <\/p>\n","protected":false},"author":3,"featured_media":1647,"comment_status":"closed","ping_status":"open","sticky":false,"template":"","format":"standard","meta":{"_monsterinsights_skip_tracking":false,"_monsterinsights_sitenote_active":false,"_monsterinsights_sitenote_note":"","_monsterinsights_sitenote_category":0},"categories":[3],"tags":[],"aioseo_notices":[],"_links":{"self":[{"href":"https:\/\/radionewsmisiones.ar\/site\/wp-json\/wp\/v2\/posts\/1645"}],"collection":[{"href":"https:\/\/radionewsmisiones.ar\/site\/wp-json\/wp\/v2\/posts"}],"about":[{"href":"https:\/\/radionewsmisiones.ar\/site\/wp-json\/wp\/v2\/types\/post"}],"author":[{"embeddable":true,"href":"https:\/\/radionewsmisiones.ar\/site\/wp-json\/wp\/v2\/users\/3"}],"replies":[{"embeddable":true,"href":"https:\/\/radionewsmisiones.ar\/site\/wp-json\/wp\/v2\/comments?post=1645"}],"version-history":[{"count":1,"href":"https:\/\/radionewsmisiones.ar\/site\/wp-json\/wp\/v2\/posts\/1645\/revisions"}],"predecessor-version":[{"id":1648,"href":"https:\/\/radionewsmisiones.ar\/site\/wp-json\/wp\/v2\/posts\/1645\/revisions\/1648"}],"wp:featuredmedia":[{"embeddable":true,"href":"https:\/\/radionewsmisiones.ar\/site\/wp-json\/wp\/v2\/media\/1647"}],"wp:attachment":[{"href":"https:\/\/radionewsmisiones.ar\/site\/wp-json\/wp\/v2\/media?parent=1645"}],"wp:term":[{"taxonomy":"category","embeddable":true,"href":"https:\/\/radionewsmisiones.ar\/site\/wp-json\/wp\/v2\/categories?post=1645"},{"taxonomy":"post_tag","embeddable":true,"href":"https:\/\/radionewsmisiones.ar\/site\/wp-json\/wp\/v2\/tags?post=1645"}],"curies":[{"name":"wp","href":"https:\/\/api.w.org\/{rel}","templated":true}]}}