{"id":1649,"date":"2022-09-08T23:03:35","date_gmt":"2022-09-09T02:03:35","guid":{"rendered":"https:\/\/radionewsmisiones.ar\/site\/?p=1649"},"modified":"2022-09-08T23:03:40","modified_gmt":"2022-09-09T02:03:40","slug":"ritmos-bailes-alegria-y-brillo-la-estudiantina-2022-ya-tiene-fechas-oficiales","status":"publish","type":"post","link":"https:\/\/radionewsmisiones.ar\/site\/provinciales\/ritmos-bailes-alegria-y-brillo-la-estudiantina-2022-ya-tiene-fechas-oficiales\/","title":{"rendered":"Ritmos, bailes, alegr\u00eda y brillo, la Estudiantina 2022 ya tiene fechas oficiales"},"content":{"rendered":"\n<p>Este jueves, en el Sal\u00f3n de Usos M\u00faltiples de la Municipalidad se present\u00f3 de manera oficial la Estudiantina 2022, la fiesta popular m\u00e1s celebrada de los estudiantes en la capital misionera.<\/p>\n\n\n\n<figure class=\"wp-block-video\"><video controls src=\"https:\/\/radionewsmisiones.ar\/site\/wp-content\/uploads\/2022\/09\/WhatsApp-Video-2022-09-08-at-14.53.29.mp4\"><\/video><\/figure>\n\n\n\n<p>El legendario evento estudiantil ya tiene sus fechas pactadas, siempre y cuando el clima acompa\u00f1e. Los ensayos desde hace semanas se viven a pleno en distintos puntos de la ciudad; ajustando instrumentos, coreograf\u00edas, acrobacias y confeccionando trajes. Horas diarias en que los chicos brindan lo mejor de s\u00ed para lucirse y lograr los mejores ritmos y danzas, la idea principal siempre ser\u00e1 que se diviertan, pero todos buscan el mismo objetivo, salir campeones con su instituci\u00f3n.<\/p>\n\n\n\n<p>La Secretaria de Cultura y Turismo, Bel\u00e9n Hern\u00e1ndez se refiri\u00f3 al respecto: \u00abLlega la fiesta m\u00e1s esperada por todos los posade\u00f1os, est\u00e1 edici\u00f3n 2022 volver\u00e1 a brillar como en \u00e9pocas anteriores. Venimos trabajando de manera conjunta con todos las \u00e1reas responsables, asumimos el compromiso y estamos planificando cada detalle para que todo salga perfecto. La ansiedad y expectativas son muchas, estamos contentos por lo que se viene logrando, este a\u00f1o adem\u00e1s sumaremos una jornada m\u00e1s a las tradicionales cuatro noches que se ven\u00edan realizando\u00bb.<\/p>\n\n\n\n<p>En el marco de una presencialidad absoluta para eventos multitudinarios, la avenida Costanera se vestir\u00e1 de gala nuevamente; muchos colores, brillo, plumas y extravagantes trajes desfilar\u00e1n en las noches, congregando multitudes como lo marca la tradici\u00f3n posade\u00f1a. El evento recuperar\u00e1 sus tintes gloriosos como en a\u00f1os anteriores, ya que se vio interrumpida en su momento por el contexto epidemiol\u00f3gico que impuso la pandemia por Covid-19.<\/p>\n\n\n\n<p>El a\u00f1o pasado se hab\u00eda retomado la fiesta, pero con un aforo m\u00e1s reducido y sin competencia, por el poco tiempo que tuvieron los chicos de ensayar y de prepararse al 100%, entendiendo que casi se volver\u00edan a perder la fiesta por el contexto epidemiol\u00f3gico, en tanto esta edici\u00f3n si tendr\u00e1 puntaje.<\/p>\n\n\n\n<p>Por su parte, el Pte de APES, Facundo Dowbusz agreg\u00f3: \u00abDesde el primer d\u00eda que asumimos el Ejecutivo nos apoy\u00f3 y nos brind\u00f3 todas las herramientas para llevar a cabo la organizaci\u00f3n, estamos muy agradecidos por no cerrarnos las puertas. Esperamos tener una gran fiesta, los estudiantes estamos ansiosos ya por salir a mostrar todo lo que venimos trabajando hace meses\u00bb.<\/p>\n\n\n\n<p>\u201cTenemos contemplado la participaci\u00f3n de 27 colegios e instituciones, m\u00e1s que en a\u00f1os anteriores, algunos de manera completa con cuerpo de baile, banda de m\u00fasica y carroza. Cada vez son m\u00e1s los que se suman a esta fiesta, lo que implica llevar adelante una organizaci\u00f3n con mucha log\u00edstica de por medio, donde acordamos los permisos para ensayos, intermediar con los vecinos y dem\u00e1s detalles. Por suerte todo viene transcurriendo con total normalidad y de forma segura, hay mucha predisposici\u00f3n y tolerancia por parte de los alumnos y la comunidad\u201d, asegur\u00f3 Carolina L\u00f3pez Tarnowski, de la Secretaria Privada de Intendencia.<\/p>\n\n\n\n<p>El cronograma 2022, qued\u00f3 de la siguiente manera:<\/p>\n\n\n\n<p>Pruebas pilotos<\/p>\n\n\n\n<ul><li>21 septiembre<\/li><li>03 octubre<\/li><\/ul>\n\n\n\n<p>Noches de calle<\/p>\n\n\n\n<ul><li>1\u00b0 y 2\u00b0: 14 \/ 15 octubre<\/li><li>3\u00b0 y 4\u00b0: 21 \/ 22 octubre<\/li><\/ul>\n\n\n\n<p>Desfile de Carrozas &#8211; Parque La Cascada.<\/p>\n\n\n\n<ul><li>23 octubre<\/li><\/ul>\n\n\n\n<p>Elecci\u00f3n Rey y Reina<\/p>\n\n\n\n<ul><li>28 octubre<\/li><\/ul>\n\n\n\n<p>Show de Scolas &#8211; Anfiteatro \u201cManuel A. Ramirez\u201d<\/p>\n\n\n\n<ul><li>29 octubre<\/li><\/ul>\n\n\n\n<p>Presidieron el lanzamiento el Pte. Honorable Concejo Deliberante, Horacio Martinez; la Secretaria de Cultura y Turismo, Bel\u00e9n Hern\u00e1ndez; de la Secretaria Privada de Intendencia, Carolina L\u00f3pez Tarnowski; el Secretario de Gobierno, Juan Pablo Ram\u00edrez; el Secretario de Movilidad Urbana, Lucas Jard\u00edn; el Director General de Ambiente, GIRSU y Cambio Clim\u00e1tico, H\u00e9ctor Cardozo; el Presidente de la Asociaci\u00f3n Posade\u00f1a de Estudiantes Secundarios, Facundo Dowbusz; acompa\u00f1ados por dem\u00e1s funcionarios municipales.<\/p>\n","protected":false},"excerpt":{"rendered":"<p>Este jueves, en el Sal&oacute;n de Usos M&uacute;ltiples de la Municipalidad se present&oacute; de manera oficial la Estudiantina 2022, la fiesta popular m&aacute;s celebrada de los estudiantes en la capital&hellip; <\/p>\n","protected":false},"author":3,"featured_media":1651,"comment_status":"closed","ping_status":"open","sticky":false,"template":"","format":"standard","meta":{"_monsterinsights_skip_tracking":false,"_monsterinsights_sitenote_active":false,"_monsterinsights_sitenote_note":"","_monsterinsights_sitenote_category":0},"categories":[3],"tags":[22],"aioseo_notices":[],"_links":{"self":[{"href":"https:\/\/radionewsmisiones.ar\/site\/wp-json\/wp\/v2\/posts\/1649"}],"collection":[{"href":"https:\/\/radionewsmisiones.ar\/site\/wp-json\/wp\/v2\/posts"}],"about":[{"href":"https:\/\/radionewsmisiones.ar\/site\/wp-json\/wp\/v2\/types\/post"}],"author":[{"embeddable":true,"href":"https:\/\/radionewsmisiones.ar\/site\/wp-json\/wp\/v2\/users\/3"}],"replies":[{"embeddable":true,"href":"https:\/\/radionewsmisiones.ar\/site\/wp-json\/wp\/v2\/comments?post=1649"}],"version-history":[{"count":1,"href":"https:\/\/radionewsmisiones.ar\/site\/wp-json\/wp\/v2\/posts\/1649\/revisions"}],"predecessor-version":[{"id":1652,"href":"https:\/\/radionewsmisiones.ar\/site\/wp-json\/wp\/v2\/posts\/1649\/revisions\/1652"}],"wp:featuredmedia":[{"embeddable":true,"href":"https:\/\/radionewsmisiones.ar\/site\/wp-json\/wp\/v2\/media\/1651"}],"wp:attachment":[{"href":"https:\/\/radionewsmisiones.ar\/site\/wp-json\/wp\/v2\/media?parent=1649"}],"wp:term":[{"taxonomy":"category","embeddable":true,"href":"https:\/\/radionewsmisiones.ar\/site\/wp-json\/wp\/v2\/categories?post=1649"},{"taxonomy":"post_tag","embeddable":true,"href":"https:\/\/radionewsmisiones.ar\/site\/wp-json\/wp\/v2\/tags?post=1649"}],"curies":[{"name":"wp","href":"https:\/\/api.w.org\/{rel}","templated":true}]}}