{"id":1660,"date":"2022-09-08T23:08:44","date_gmt":"2022-09-09T02:08:44","guid":{"rendered":"https:\/\/radionewsmisiones.ar\/site\/?p=1660"},"modified":"2022-09-08T23:08:51","modified_gmt":"2022-09-09T02:08:51","slug":"productores-de-tabaco-se-movilizaran-a-caba-para-defender-la-integridad-del-fet","status":"publish","type":"post","link":"https:\/\/radionewsmisiones.ar\/site\/provinciales\/productores-de-tabaco-se-movilizaran-a-caba-para-defender-la-integridad-del-fet\/","title":{"rendered":"Productores de tabaco se movilizar\u00e1n a CABA para defender la integridad del FET"},"content":{"rendered":"\n<p>Las entidades que nuclean a los agricultores y cooperativas de las siete provincias tabacaleras reclaman medidas pol\u00edticas y judiciales para frenar la desfinanciaci\u00f3n de los recursos. \u201cnecesitamos que nos escuchen\u201d, coinciden.<\/p>\n\n\n\n<figure class=\"wp-block-image size-large\"><img loading=\"lazy\" width=\"1024\" height=\"498\" src=\"https:\/\/radionewsmisiones.ar\/site\/wp-content\/uploads\/2022\/09\/WhatsApp-Image-2022-09-08-at-13.56.53-1024x498.jpeg\" alt=\"\" class=\"wp-image-1661\" srcset=\"https:\/\/radionewsmisiones.ar\/site\/wp-content\/uploads\/2022\/09\/WhatsApp-Image-2022-09-08-at-13.56.53-1024x498.jpeg 1024w, https:\/\/radionewsmisiones.ar\/site\/wp-content\/uploads\/2022\/09\/WhatsApp-Image-2022-09-08-at-13.56.53-300x146.jpeg 300w, https:\/\/radionewsmisiones.ar\/site\/wp-content\/uploads\/2022\/09\/WhatsApp-Image-2022-09-08-at-13.56.53-768x373.jpeg 768w, https:\/\/radionewsmisiones.ar\/site\/wp-content\/uploads\/2022\/09\/WhatsApp-Image-2022-09-08-at-13.56.53-1536x746.jpeg 1536w, https:\/\/radionewsmisiones.ar\/site\/wp-content\/uploads\/2022\/09\/WhatsApp-Image-2022-09-08-at-13.56.53.jpeg 1599w\" sizes=\"(max-width: 1024px) 100vw, 1024px\" \/><\/figure>\n\n\n\n<p><br>\u00a0<br>Los agricultores que subsisten gracias a la producci\u00f3n de tabaco en Misiones, sus entidades representativas y las cooperativas que posibilitan la comercializaci\u00f3n, se movilizar\u00e1n a Capital Federal el 19 y 20 de setiembre para poner en agenda nacional la dram\u00e1tica situaci\u00f3n del sector a partir del desfinanciamiento del Fondo Especial del Tabaco por el accionar de empresas que venden cigarrillos \u201cbaratos\u201d y no aportan el impuesto m\u00ednimo obligatorio.<br>Se sumar\u00e1n as\u00ed a productores y entidades de las dem\u00e1s provincias tabacaleras que van a converger en la capital del pa\u00eds con el mismo reclamo, que tiene cinco puntos, algunos dirigidos a las autoridades y otros a la Justicia. La participaci\u00f3n misionera se termin\u00f3 de definir ayer, en una reuni\u00f3n que mantuvieron los referentes de la Asociaci\u00f3n de Plantadores de Tabaco de Misiones (APTM), la C\u00e1mara de Tabaco, la Asociaci\u00f3n de Campesinos Tabacaleros Independientes de Misiones (ACTIM) y las cooperativas CTM, Panamb\u00ed, Cotavi, entre otros.<br>Uno de los puntos principales, que tiene fuerte incidencia econ\u00f3mica en Misiones y dem\u00e1s provincias productoras, es el efecto de las medidas cautelares y acciones judiciales en contra del pago del impuesto m\u00ednimo a los cigarrillos por parte de empresas comercializadoras de paquetes \u201cbaratos\u201d en el mercado interno. El caso emblem\u00e1tico es el de la tabacalera Sarand\u00ed, que logr\u00f3 cautelares por las cuales no pag\u00f3 ese impuesto en los \u00faltimos a\u00f1os. S\u00f3lo en 2021, el Estado dej\u00f3 de percibir 50 mil millones de pesos en este concepto. \u201cEste tipo de fallos no solo desfinancian al sector tabacalero sino al Estado, porque gran parte de esa recaudaci\u00f3n va a Anses y a los fondos coparticipables\u201d, se\u00f1alaron.<br>\u201cVamos a exigir que pare el lobby empresarial que nos perjudica, y que se cumpla lo decidido por la Corte Suprema cuando fall\u00f3 en contra de estas empresas. Los jueces federales tienen que ver qui\u00e9nes son los directos afectados\u00a0 con sus decisiones cuando privilegian el inter\u00e9s empresarial por sobre el inter\u00e9s general\u201d, coincidieron.<br>En la misma l\u00ednea, se manifestar\u00e1n tambi\u00e9n frente a las oficinas centrales de la AFIP para pedir que hagan cumplir el fallo de la Corte y procedan a cobrar los impuestos adeudados.\u00a0 Y que controle \u201cla impresionante cantidad de cigarrillos truchos o con estampillas falsificadas que circulan por el pa\u00eds. Pedimos controladores fiscales en las tabacaleras para tener los n\u00fameros reales de la venta de paquetes, ya que actualmente las empresas informan s\u00f3lo por declaraci\u00f3n jurada\u201d.<br>Otro de los puntos del reclamo in\u00e9dito que se realizar\u00e1 en conjunto, solicita a los Legisladores nacionales que incluyan en la Ley 27430 \u00a0de Impuestos m\u00ednimos \u00a0a los subproductos del tabaco como habanos, habanitos y el tabaco picado. \u201cEsa recaudaci\u00f3n impactar\u00eda en el Fondo Especial del Tabaco que nos corresponde. Se sumar\u00edan as\u00ed entre 3.000 y 4.000 millones de pesos al a\u00f1o, que beneficiar\u00edan de manera indirecta al cien por ciento de los argentinos\u201d, sostienen. \u00a0<br>\u00a0<br>Menos burocracia y presi\u00f3n impositiva<br>Finalmente, el reclamo masivo que protagonizar\u00e1n los productores en Buenos Aires incluye dos puntos que son de definici\u00f3n posible por parte del poder pol\u00edtico. El primero, vinculado a la necesidad de achicar los tiempos burocr\u00e1ticos que se registran en las distintas dependencias del Estado en las que se tramita la disponibilidad de los recursos del Fondo Especial del Tabaco por parte de las provincias, y el segundo, al reclamo reiterado de un tratamiento impositivo m\u00e1s justo para la producci\u00f3n tabacalera, que a diferencia de otras econom\u00edas regionales, paga retenciones del 12%. \u201cPedimos a la Secretar\u00eda de Agricultura que agilice los tr\u00e1mites administrativos para que podamos disponer de los recursos del FET que van a las provincias, y que sostienen nuestros sistemas de salud, los da\u00f1os por granizo y los complementos del precio. Tenemos una Ley de transferencia autom\u00e1tica, pero la burocracia nos dej\u00f3 en la misma situaci\u00f3n anterior a esta Ley\u201d, aseguran.<br>\u201cNecesitamos que el gobierno nos vea como lo que realmente somos: econom\u00edas regionales que sostenemos la viabilidad socioecon\u00f3mica de siete provincias argentinas y de las cuales dependen miles de familias. Pedimos que bajen las retenciones a la importaci\u00f3n de tabaco y que ese beneficio vaya directo a los productores, no a las empresas. Eso podr\u00eda ayudar a mejorar los precios de la materia prima para el primer eslab\u00f3n de la cadena\u201d finalizaron.<\/p>\n","protected":false},"excerpt":{"rendered":"<p>Las entidades que nuclean a los agricultores y cooperativas de las siete provincias tabacaleras reclaman medidas pol&iacute;ticas y judiciales para frenar la desfinanciaci&oacute;n de los recursos. &ldquo;necesitamos que nos escuchen&rdquo;,&hellip; <\/p>\n","protected":false},"author":3,"featured_media":1661,"comment_status":"closed","ping_status":"open","sticky":false,"template":"","format":"standard","meta":{"_monsterinsights_skip_tracking":false,"_monsterinsights_sitenote_active":false,"_monsterinsights_sitenote_note":"","_monsterinsights_sitenote_category":0},"categories":[3],"tags":[],"aioseo_notices":[],"_links":{"self":[{"href":"https:\/\/radionewsmisiones.ar\/site\/wp-json\/wp\/v2\/posts\/1660"}],"collection":[{"href":"https:\/\/radionewsmisiones.ar\/site\/wp-json\/wp\/v2\/posts"}],"about":[{"href":"https:\/\/radionewsmisiones.ar\/site\/wp-json\/wp\/v2\/types\/post"}],"author":[{"embeddable":true,"href":"https:\/\/radionewsmisiones.ar\/site\/wp-json\/wp\/v2\/users\/3"}],"replies":[{"embeddable":true,"href":"https:\/\/radionewsmisiones.ar\/site\/wp-json\/wp\/v2\/comments?post=1660"}],"version-history":[{"count":1,"href":"https:\/\/radionewsmisiones.ar\/site\/wp-json\/wp\/v2\/posts\/1660\/revisions"}],"predecessor-version":[{"id":1662,"href":"https:\/\/radionewsmisiones.ar\/site\/wp-json\/wp\/v2\/posts\/1660\/revisions\/1662"}],"wp:featuredmedia":[{"embeddable":true,"href":"https:\/\/radionewsmisiones.ar\/site\/wp-json\/wp\/v2\/media\/1661"}],"wp:attachment":[{"href":"https:\/\/radionewsmisiones.ar\/site\/wp-json\/wp\/v2\/media?parent=1660"}],"wp:term":[{"taxonomy":"category","embeddable":true,"href":"https:\/\/radionewsmisiones.ar\/site\/wp-json\/wp\/v2\/categories?post=1660"},{"taxonomy":"post_tag","embeddable":true,"href":"https:\/\/radionewsmisiones.ar\/site\/wp-json\/wp\/v2\/tags?post=1660"}],"curies":[{"name":"wp","href":"https:\/\/api.w.org\/{rel}","templated":true}]}}