{"id":1663,"date":"2022-09-08T23:16:32","date_gmt":"2022-09-09T02:16:32","guid":{"rendered":"https:\/\/radionewsmisiones.ar\/site\/?p=1663"},"modified":"2022-09-08T23:16:38","modified_gmt":"2022-09-09T02:16:38","slug":"desarrollo-social-anuncio-la-compatibilidad-entre-las-becas-progresar-y-el-potenciar-trabajo","status":"publish","type":"post","link":"https:\/\/radionewsmisiones.ar\/site\/nacionales\/desarrollo-social-anuncio-la-compatibilidad-entre-las-becas-progresar-y-el-potenciar-trabajo\/","title":{"rendered":"Desarrollo Social anunci\u00f3 la compatibilidad entre las becas Progresar y el Potenciar Trabajo"},"content":{"rendered":"\n<p>El ministerio de Desarrollo Social confirm\u00f3 la compatibilidad entre las becas Progresar y el programa Potenciar Trabajo.<\/p>\n\n\n\n<figure class=\"wp-block-image size-large\"><img loading=\"lazy\" width=\"1024\" height=\"569\" src=\"https:\/\/radionewsmisiones.ar\/site\/wp-content\/uploads\/2022\/09\/6317f2fbd5319-1024x569.jpg\" alt=\"\" class=\"wp-image-1664\" srcset=\"https:\/\/radionewsmisiones.ar\/site\/wp-content\/uploads\/2022\/09\/6317f2fbd5319-1024x569.jpg 1024w, https:\/\/radionewsmisiones.ar\/site\/wp-content\/uploads\/2022\/09\/6317f2fbd5319-300x167.jpg 300w, https:\/\/radionewsmisiones.ar\/site\/wp-content\/uploads\/2022\/09\/6317f2fbd5319-768x427.jpg 768w, https:\/\/radionewsmisiones.ar\/site\/wp-content\/uploads\/2022\/09\/6317f2fbd5319.jpg 1183w\" sizes=\"(max-width: 1024px) 100vw, 1024px\" \/><\/figure>\n\n\n\n<p>La cartera encabezada por Juan Zabaleta lo anunci\u00f3 a trav\u00e9s de una resoluci\u00f3n que establece que \u00abla percepci\u00f3n del incentivo otorgado a la poblaci\u00f3n destinataria\u00bb del Progresar \u00abresulta compatible con el ingreso y la permanencia de los mismos como titulares\u00bb en el Potenciar Trabajo.<\/p>\n\n\n\n<p>La decisi\u00f3n tambi\u00e9n incluye a quienes perciben el Salario Social Complementario, y rige retroactivamente desde el 1\u00b0 de agosto de 2022.<\/p>\n","protected":false},"excerpt":{"rendered":"<p>El ministerio de Desarrollo Social confirm&oacute; la compatibilidad entre las becas Progresar y el programa Potenciar Trabajo. La cartera encabezada por Juan Zabaleta lo anunci&oacute; a trav&eacute;s de una resoluci&oacute;n&hellip; <\/p>\n","protected":false},"author":3,"featured_media":1664,"comment_status":"closed","ping_status":"open","sticky":false,"template":"","format":"standard","meta":{"_monsterinsights_skip_tracking":false,"_monsterinsights_sitenote_active":false,"_monsterinsights_sitenote_note":"","_monsterinsights_sitenote_category":0},"categories":[4],"tags":[],"aioseo_notices":[],"_links":{"self":[{"href":"https:\/\/radionewsmisiones.ar\/site\/wp-json\/wp\/v2\/posts\/1663"}],"collection":[{"href":"https:\/\/radionewsmisiones.ar\/site\/wp-json\/wp\/v2\/posts"}],"about":[{"href":"https:\/\/radionewsmisiones.ar\/site\/wp-json\/wp\/v2\/types\/post"}],"author":[{"embeddable":true,"href":"https:\/\/radionewsmisiones.ar\/site\/wp-json\/wp\/v2\/users\/3"}],"replies":[{"embeddable":true,"href":"https:\/\/radionewsmisiones.ar\/site\/wp-json\/wp\/v2\/comments?post=1663"}],"version-history":[{"count":1,"href":"https:\/\/radionewsmisiones.ar\/site\/wp-json\/wp\/v2\/posts\/1663\/revisions"}],"predecessor-version":[{"id":1665,"href":"https:\/\/radionewsmisiones.ar\/site\/wp-json\/wp\/v2\/posts\/1663\/revisions\/1665"}],"wp:featuredmedia":[{"embeddable":true,"href":"https:\/\/radionewsmisiones.ar\/site\/wp-json\/wp\/v2\/media\/1664"}],"wp:attachment":[{"href":"https:\/\/radionewsmisiones.ar\/site\/wp-json\/wp\/v2\/media?parent=1663"}],"wp:term":[{"taxonomy":"category","embeddable":true,"href":"https:\/\/radionewsmisiones.ar\/site\/wp-json\/wp\/v2\/categories?post=1663"},{"taxonomy":"post_tag","embeddable":true,"href":"https:\/\/radionewsmisiones.ar\/site\/wp-json\/wp\/v2\/tags?post=1663"}],"curies":[{"name":"wp","href":"https:\/\/api.w.org\/{rel}","templated":true}]}}