{"id":1666,"date":"2022-09-08T23:21:22","date_gmt":"2022-09-09T02:21:22","guid":{"rendered":"https:\/\/radionewsmisiones.ar\/site\/?p=1666"},"modified":"2022-09-08T23:21:27","modified_gmt":"2022-09-09T02:21:27","slug":"aumento-de-la-asignacion-familiar-por-hija-e-hijo-a-trabajadoras-y-trabajadores-registrados","status":"publish","type":"post","link":"https:\/\/radionewsmisiones.ar\/site\/nacionales\/aumento-de-la-asignacion-familiar-por-hija-e-hijo-a-trabajadoras-y-trabajadores-registrados\/","title":{"rendered":"Aumento de la Asignaci\u00f3n Familiar por Hija e Hijo a trabajadoras y trabajadores registrados"},"content":{"rendered":"\n<h1>Durante septiembre, octubre y noviembre, la asignaci\u00f3n por cada hija o hijo ascender\u00e1 a $20.000 para grupos familiares con ingresos formales de hasta $131.208<\/h1>\n\n\n\n<figure class=\"wp-block-embed is-type-video is-provider-youtube wp-block-embed-youtube wp-embed-aspect-4-3 wp-has-aspect-ratio\"><div class=\"wp-block-embed__wrapper\">\n<iframe loading=\"lazy\" title=\"AUMENTO EN LA ASIGNACI\u00d3N FAMILIAR POR HIJA E HIJO DE TRABAJADORAS Y TRABAJADORES  REGISTRADOS\" width=\"1110\" height=\"833\" src=\"https:\/\/www.youtube.com\/embed\/Wrf9u_d9YSI?start=3&#038;feature=oembed\" frameborder=\"0\" allow=\"accelerometer; autoplay; clipboard-write; encrypted-media; gyroscope; picture-in-picture\" allowfullscreen><\/iframe>\n<\/div><\/figure>\n\n\n\n<h1>Acompa\u00f1amos a las familias trabajadoras<\/h1>\n\n\n\n<p>Aumentamos la Asignaci\u00f3n Familiar por Hija e Hijo de trabajadoras y trabajadores con ingresos formales. Durante septiembre, octubre y noviembre, la asignaci\u00f3n por cada hija o hijo ascender\u00e1 a $20.000 para grupos familiares con ingresos de hasta $131.208.<\/p>\n\n\n\n<p>Esta medida pone en valor el esfuerzo diario de m\u00e1s de 1 mill\u00f3n de trabajadoras y trabajadores de nuestro pa\u00eds, mejorando las asignaciones de casi 2 millones de ni\u00f1as, ni\u00f1os y adolescentes.<\/p>\n\n\n\n<p>De esta forma, ninguna trabajadora o trabajador con ingresos formales y con hijas e hijos a cargo quedar\u00e1 por debajo de la l\u00ednea de pobreza.<\/p>\n\n\n\n<p>Las y los trabajadores registrados que superen los $131.208 como ingresos del grupo familiar, cobrar\u00e1n <strong>a partir de septiembre<\/strong> sus asignaciones familiares <strong>con el aumento de 15,53%<\/strong> dispuesto por la Ley de Movilidad.<\/p>\n","protected":false},"excerpt":{"rendered":"<p>Durante septiembre, octubre y noviembre, la asignaci&oacute;n por cada hija o hijo ascender&aacute; a $20.000 para grupos familiares con ingresos formales de hasta $131.208 Acompa&ntilde;amos a las familias trabajadoras Aumentamos&hellip; <\/p>\n","protected":false},"author":3,"featured_media":1667,"comment_status":"closed","ping_status":"open","sticky":false,"template":"","format":"standard","meta":{"_monsterinsights_skip_tracking":false,"_monsterinsights_sitenote_active":false,"_monsterinsights_sitenote_note":"","_monsterinsights_sitenote_category":0},"categories":[4],"tags":[],"aioseo_notices":[],"_links":{"self":[{"href":"https:\/\/radionewsmisiones.ar\/site\/wp-json\/wp\/v2\/posts\/1666"}],"collection":[{"href":"https:\/\/radionewsmisiones.ar\/site\/wp-json\/wp\/v2\/posts"}],"about":[{"href":"https:\/\/radionewsmisiones.ar\/site\/wp-json\/wp\/v2\/types\/post"}],"author":[{"embeddable":true,"href":"https:\/\/radionewsmisiones.ar\/site\/wp-json\/wp\/v2\/users\/3"}],"replies":[{"embeddable":true,"href":"https:\/\/radionewsmisiones.ar\/site\/wp-json\/wp\/v2\/comments?post=1666"}],"version-history":[{"count":1,"href":"https:\/\/radionewsmisiones.ar\/site\/wp-json\/wp\/v2\/posts\/1666\/revisions"}],"predecessor-version":[{"id":1668,"href":"https:\/\/radionewsmisiones.ar\/site\/wp-json\/wp\/v2\/posts\/1666\/revisions\/1668"}],"wp:featuredmedia":[{"embeddable":true,"href":"https:\/\/radionewsmisiones.ar\/site\/wp-json\/wp\/v2\/media\/1667"}],"wp:attachment":[{"href":"https:\/\/radionewsmisiones.ar\/site\/wp-json\/wp\/v2\/media?parent=1666"}],"wp:term":[{"taxonomy":"category","embeddable":true,"href":"https:\/\/radionewsmisiones.ar\/site\/wp-json\/wp\/v2\/categories?post=1666"},{"taxonomy":"post_tag","embeddable":true,"href":"https:\/\/radionewsmisiones.ar\/site\/wp-json\/wp\/v2\/tags?post=1666"}],"curies":[{"name":"wp","href":"https:\/\/api.w.org\/{rel}","templated":true}]}}