{"id":1669,"date":"2022-09-09T19:49:34","date_gmt":"2022-09-09T22:49:34","guid":{"rendered":"https:\/\/radionewsmisiones.ar\/site\/?p=1669"},"modified":"2022-09-09T19:49:38","modified_gmt":"2022-09-09T22:49:38","slug":"parque-de-la-salud-el-hospital-escuela-realizara-la-jornada-de-deteccion-temprana-y-tratamiento-del-cancer-de-mama-2022","status":"publish","type":"post","link":"https:\/\/radionewsmisiones.ar\/site\/provinciales\/parque-de-la-salud-el-hospital-escuela-realizara-la-jornada-de-deteccion-temprana-y-tratamiento-del-cancer-de-mama-2022\/","title":{"rendered":"Parque de la Salud: el Hospital Escuela realizar\u00e1 la  Jornada de Detecci\u00f3n Temprana y  Tratamiento del C\u00e1ncer de Mama 2022"},"content":{"rendered":"\n<p>Con el acento en el abordaje interdisciplinario del c\u00e1ncer de mama, desde el Hospital Escuela de Agudos \u201cDr. Ram\u00f3n Madariaga\u201d informan que realizar\u00e1n la Jornada de Detecci\u00f3n Temprana y Tratamiento del C\u00e1ncer de Mama 2022. El evento se desarrollar\u00e1 el viernes 28 de octubre, de 8 a 19 horas y el s\u00e1bado 29 de octubre, de 8 a 12 horas, en el Parque del Conocimiento. La actividad es totalmente gratuita.<\/p>\n\n\n\n<figure class=\"wp-block-image size-full\"><img loading=\"lazy\" width=\"742\" height=\"588\" src=\"https:\/\/radionewsmisiones.ar\/site\/wp-content\/uploads\/2022\/09\/afiche-redes1.png\" alt=\"\" class=\"wp-image-1670\" srcset=\"https:\/\/radionewsmisiones.ar\/site\/wp-content\/uploads\/2022\/09\/afiche-redes1.png 742w, https:\/\/radionewsmisiones.ar\/site\/wp-content\/uploads\/2022\/09\/afiche-redes1-300x238.png 300w\" sizes=\"(max-width: 742px) 100vw, 742px\" \/><\/figure>\n\n\n\n<p>La Jornada est\u00e1 destinada a todos los profesionales de la salud: M\u00e9dicos de las diferentes especialidades, enfermeros, psic\u00f3logos, kinesi\u00f3logos, promotores de salud y otros profesionales de la salud de Misiones, interesados en el tema.<\/p>\n\n\n\n<p>En la actividad participar\u00e1n los Servicios del Hospital Escuela: Cirug\u00eda Pl\u00e1stica y Reconstructiva, Ginecolog\u00eda, Sector Patolog\u00eda Mamaria, Diagn\u00f3stico por Im\u00e1genes, Anatom\u00eda Patol\u00f3gica y Oncolog\u00eda.<\/p>\n\n\n\n<p>Desde la organizaci\u00f3n remarcan, que el Hospital Escuela de Agudos \u201cDr. Ram\u00f3n Madariaga\u201d es un Centro Asistencial de nivel III, que dispone de los profesionales y la infraestructura para abordar el c\u00e1ncer de mama en todas sus etapas, diagn\u00f3stico, tratamientos quir\u00fargicos y otras terapias que se llevan adelante junto al Instituto Misionero del C\u00e1ncer y la reconstrucci\u00f3n de las mama.<\/p>\n\n\n\n<p><strong>Inscripci\u00f3n:<\/strong><a href=\"mailto:serviciocirugiaplasticamisarg@gmail.com\" target=\"_blank\" rel=\"noreferrer noopener\">serviciocirugiaplasticamisarg@gmail.com<\/a>, <strong>c<\/strong><strong>onsultas:<\/strong> 3764-4443700 interno 1102<\/p>\n\n\n\n<p><strong>Organiza: <\/strong>Hospital Escuela de Agudos \u201cDr. Ram\u00f3n Madariaga\u201d.<\/p>\n","protected":false},"excerpt":{"rendered":"<p>Con el acento en el abordaje interdisciplinario del c&aacute;ncer de mama, desde el Hospital Escuela de Agudos &ldquo;Dr. Ram&oacute;n Madariaga&rdquo; informan que realizar&aacute;n la Jornada de Detecci&oacute;n Temprana y Tratamiento&hellip; <\/p>\n","protected":false},"author":3,"featured_media":1671,"comment_status":"closed","ping_status":"open","sticky":false,"template":"","format":"standard","meta":{"_monsterinsights_skip_tracking":false,"_monsterinsights_sitenote_active":false,"_monsterinsights_sitenote_note":"","_monsterinsights_sitenote_category":0},"categories":[3],"tags":[24],"aioseo_notices":[],"_links":{"self":[{"href":"https:\/\/radionewsmisiones.ar\/site\/wp-json\/wp\/v2\/posts\/1669"}],"collection":[{"href":"https:\/\/radionewsmisiones.ar\/site\/wp-json\/wp\/v2\/posts"}],"about":[{"href":"https:\/\/radionewsmisiones.ar\/site\/wp-json\/wp\/v2\/types\/post"}],"author":[{"embeddable":true,"href":"https:\/\/radionewsmisiones.ar\/site\/wp-json\/wp\/v2\/users\/3"}],"replies":[{"embeddable":true,"href":"https:\/\/radionewsmisiones.ar\/site\/wp-json\/wp\/v2\/comments?post=1669"}],"version-history":[{"count":1,"href":"https:\/\/radionewsmisiones.ar\/site\/wp-json\/wp\/v2\/posts\/1669\/revisions"}],"predecessor-version":[{"id":1672,"href":"https:\/\/radionewsmisiones.ar\/site\/wp-json\/wp\/v2\/posts\/1669\/revisions\/1672"}],"wp:featuredmedia":[{"embeddable":true,"href":"https:\/\/radionewsmisiones.ar\/site\/wp-json\/wp\/v2\/media\/1671"}],"wp:attachment":[{"href":"https:\/\/radionewsmisiones.ar\/site\/wp-json\/wp\/v2\/media?parent=1669"}],"wp:term":[{"taxonomy":"category","embeddable":true,"href":"https:\/\/radionewsmisiones.ar\/site\/wp-json\/wp\/v2\/categories?post=1669"},{"taxonomy":"post_tag","embeddable":true,"href":"https:\/\/radionewsmisiones.ar\/site\/wp-json\/wp\/v2\/tags?post=1669"}],"curies":[{"name":"wp","href":"https:\/\/api.w.org\/{rel}","templated":true}]}}