{"id":1673,"date":"2022-09-09T19:53:47","date_gmt":"2022-09-09T22:53:47","guid":{"rendered":"https:\/\/radionewsmisiones.ar\/site\/?p=1673"},"modified":"2022-09-09T19:53:51","modified_gmt":"2022-09-09T22:53:51","slug":"herrera-ahuad-participo-de-la-apertura-de-la-36-edicion-del-festival-provincial-del-docente","status":"publish","type":"post","link":"https:\/\/radionewsmisiones.ar\/site\/provinciales\/herrera-ahuad-participo-de-la-apertura-de-la-36-edicion-del-festival-provincial-del-docente\/","title":{"rendered":"Herrera Ahuad particip\u00f3 de la Apertura de la 36\u00b0 Edici\u00f3n del Festival Provincial del Docente"},"content":{"rendered":"\n<p><em>El Gobernador acompa\u00f1\u00f3 la apertura de la 36\u00b0 edici\u00f3n del Festival Provincial del Docente que se desarrollar\u00e1 hasta el domingo 11 en Campo Grande para homenajear el trabajo de los educadores. En su discurso, Herrera Ahuad valor\u00f3 el compromiso de los docentes en favor del presente y del futuro de todos los misioneros. &nbsp;<\/em><\/p>\n\n\n\n<p><strong>CAMPO GRANDE.<\/strong> Esta ma\u00f1ana, en el polideportivo local, comenz\u00f3 la 36\u00b0 edici\u00f3n del Festival Provincial del Docente, un evento creado para celebrar el trabajo de las maestras y los maestros misioneros. El gobernador Oscar Herrera Ahuad acompa\u00f1\u00f3 la apertura del encuentro que congrega a la comunidad educatica con actividades deportivas, feria, exposiciones, baile y shows art\u00edsticos. \u00a0<\/p>\n\n\n\n<figure class=\"wp-block-image size-full\"><img loading=\"lazy\" width=\"1024\" height=\"683\" src=\"https:\/\/radionewsmisiones.ar\/site\/wp-content\/uploads\/2022\/09\/3-11-1024x683-1.jpeg\" alt=\"\" class=\"wp-image-1674\" srcset=\"https:\/\/radionewsmisiones.ar\/site\/wp-content\/uploads\/2022\/09\/3-11-1024x683-1.jpeg 1024w, https:\/\/radionewsmisiones.ar\/site\/wp-content\/uploads\/2022\/09\/3-11-1024x683-1-300x200.jpeg 300w, https:\/\/radionewsmisiones.ar\/site\/wp-content\/uploads\/2022\/09\/3-11-1024x683-1-768x512.jpeg 768w\" sizes=\"(max-width: 1024px) 100vw, 1024px\" \/><\/figure>\n\n\n\n<p>El mandatario expres\u00f3 su agradecimiento por la labor de \u00ablos m\u00e1s de 30 mil docentes en la provincia que todos los d\u00edas en su vocaci\u00f3n y en su servicio nos ense\u00f1an y nos ayudan a tener una Misiones mejor\u00bb. Remarc\u00f3 que \u00abla construcci\u00f3n de nuestra docencia hace a la igualdad de oportunidades, ya que los logros de uno son los logros de todos\u00bb.&nbsp;<\/p>\n\n\n\n<p>Con el mismo \u00e9nfasis, dio cuenta que m\u00e1s all\u00e1 de la discusi\u00f3n sobre la extensi\u00f3n de horas de clases, lo importante es la eficiencia. Porque \u00abla vocaci\u00f3n de ense\u00f1ar se ejerce en todo momento, las 24 horas se est\u00e1 ense\u00f1ando y la ense\u00f1anza en un papel es una parte, una peque\u00f1a parte de lo que los docentes transmiten a la sociedad. La educaci\u00f3n del alma y del esp\u00edritu es la que realmente hace cambiar a las grandes comunidades y sociedades. Ese es el docente misionero, no es el que ense\u00f1a solamente con una tiza, con una computadora, sino tambi\u00e9n el que nos ense\u00f1a todos los d\u00edas con sus actos y actitudes\u00bb.&nbsp;<\/p>\n\n\n\n<p>Adem\u00e1s, el funcionario reiter\u00f3 su agradecimiento a la comunidad educativa \u00abporque en esa calidad formativa de nuestra provincia debemos caminar juntos y ustedes nos ense\u00f1an todos los d\u00edas. Los docentes son el presente y el futuro de nuestra provincia. No podr\u00edamos hablar de educaci\u00f3n disruptiva si no tuvi\u00e9ramos un docente, un maestro. No podemos hablar de manejar las grandes m\u00e1quinas y computadoras, de las ciencias, si no tenemos un docente al lado\u00bb. &nbsp;<\/p>\n\n\n\n<p>Reiter\u00f3 Herrera Ahuad que siempre est\u00e1 a disposici\u00f3n de los docentes, \u201ccada minuto, las 24 horas y los 365 d\u00edas del a\u00f1o, para intentar resolver los problemas que tenemos a diario\u00bb. Y hacia al final manifest\u00f3 que \u00abla provincia va a crecer, se va a desarrollar con una educaci\u00f3n fuerte, abarcativa y que llegue a todos los misioneros\u201d.&nbsp; &nbsp;<\/p>\n\n\n\n<p>Entre los asistentes al evento estuvieron el intendente de Campo Grande, Carlos Sebasti\u00e1n Sartori; el ministro de Educaci\u00f3n, Miguel Sedoff; el ministro de Deportes, H\u00e9ctor Corti; los diputados provinciales Hugo Passalacqua y Mabel C\u00e1ceres; el diputado nacional, Carlos Fern\u00e1ndez; el presidente del Consejo de Educaci\u00f3n, Juan Carlos Galarza y alumnos, docentes y miembros de 40 instituciones educativa de la zona. &nbsp;<\/p>\n\n\n\n<p><strong>UN FESTIVAL CON VARIAS D\u00c9CADAS DE TRAYECTORIA &nbsp;<\/strong><\/p>\n\n\n\n<p>El acto de apertura estuvo a cargo de la Escuela N\u00ba 150 \u00abMaestro Argentino\u00bb, que cuenta con una matr\u00edcula de 612 alumnos y una trayectoria educativa de 95 a\u00f1os. Despu\u00e9s de la ceremonia inicial, el festival contin\u00faa con varias actividades deportivas y exposici\u00f3n de feriantes, cenas shows, artesanos y emprendedores hasta el domingo 11. &nbsp;<\/p>\n\n\n\n<p>En cuanto a la historia del Festival Provincial del Docente se remonta al a\u00f1o 1979 creado por iniciativa del intendente como una forma de agasajar y homenajearlos con el impulso de la Direcci\u00f3n de Cultura de la Municipalidad. Un a\u00f1o despu\u00e9s se celebr\u00f3 la primera edici\u00f3n con la organizaci\u00f3n de la Comisi\u00f3n de Cultura de Campo Grande. Vale destacar que durante la pandemia se realiz\u00f3 de forma virtual. Actualmente, hay una comisi\u00f3n permanente conformada por docentes y encargados de la organizaci\u00f3n del evento, que se realiza anualmente con aportes del Gobierno Provincial y del Municipio.<\/p>\n","protected":false},"excerpt":{"rendered":"<p>El Gobernador acompa&ntilde;&oacute; la apertura de la 36&deg; edici&oacute;n del Festival Provincial del Docente que se desarrollar&aacute; hasta el domingo 11 en Campo Grande para homenajear el trabajo de los&hellip; <\/p>\n","protected":false},"author":3,"featured_media":1675,"comment_status":"closed","ping_status":"open","sticky":false,"template":"","format":"standard","meta":{"_monsterinsights_skip_tracking":false,"_monsterinsights_sitenote_active":false,"_monsterinsights_sitenote_note":"","_monsterinsights_sitenote_category":0},"categories":[3],"tags":[26],"aioseo_notices":[],"_links":{"self":[{"href":"https:\/\/radionewsmisiones.ar\/site\/wp-json\/wp\/v2\/posts\/1673"}],"collection":[{"href":"https:\/\/radionewsmisiones.ar\/site\/wp-json\/wp\/v2\/posts"}],"about":[{"href":"https:\/\/radionewsmisiones.ar\/site\/wp-json\/wp\/v2\/types\/post"}],"author":[{"embeddable":true,"href":"https:\/\/radionewsmisiones.ar\/site\/wp-json\/wp\/v2\/users\/3"}],"replies":[{"embeddable":true,"href":"https:\/\/radionewsmisiones.ar\/site\/wp-json\/wp\/v2\/comments?post=1673"}],"version-history":[{"count":1,"href":"https:\/\/radionewsmisiones.ar\/site\/wp-json\/wp\/v2\/posts\/1673\/revisions"}],"predecessor-version":[{"id":1676,"href":"https:\/\/radionewsmisiones.ar\/site\/wp-json\/wp\/v2\/posts\/1673\/revisions\/1676"}],"wp:featuredmedia":[{"embeddable":true,"href":"https:\/\/radionewsmisiones.ar\/site\/wp-json\/wp\/v2\/media\/1675"}],"wp:attachment":[{"href":"https:\/\/radionewsmisiones.ar\/site\/wp-json\/wp\/v2\/media?parent=1673"}],"wp:term":[{"taxonomy":"category","embeddable":true,"href":"https:\/\/radionewsmisiones.ar\/site\/wp-json\/wp\/v2\/categories?post=1673"},{"taxonomy":"post_tag","embeddable":true,"href":"https:\/\/radionewsmisiones.ar\/site\/wp-json\/wp\/v2\/tags?post=1673"}],"curies":[{"name":"wp","href":"https:\/\/api.w.org\/{rel}","templated":true}]}}