{"id":168,"date":"2022-07-31T18:37:19","date_gmt":"2022-07-31T21:37:19","guid":{"rendered":"https:\/\/radionewsmisiones.ar\/site\/?p=168"},"modified":"2022-07-31T18:37:20","modified_gmt":"2022-07-31T21:37:20","slug":"hubo-52-745-contagios-de-coronavirus-en-el-pais-un-26-mas-que-la-semana-pasada","status":"publish","type":"post","link":"https:\/\/radionewsmisiones.ar\/site\/nacionales\/hubo-52-745-contagios-de-coronavirus-en-el-pais-un-26-mas-que-la-semana-pasada\/","title":{"rendered":"Hubo 52.745 contagios de coronavirus en el pa\u00eds, un 26% m\u00e1s que la semana pasada"},"content":{"rendered":"\n<p>La cartera sanitaria indic\u00f3 que son 464 los internados con Covid-19 en unidades de terapia intensiva, con un porcentaje de ocupaci\u00f3n de camas de adultos en el sector p\u00fablico y privado, para todas las patolog\u00edas, de 43.9% en Argentina. <\/p>\n\n\n\n<figure class=\"wp-block-image size-large\"><img loading=\"lazy\" width=\"1024\" height=\"576\" src=\"https:\/\/radionewsmisiones.ar\/site\/wp-content\/uploads\/2022\/07\/covid-1024x576.jpg\" alt=\"\" class=\"wp-image-169\" srcset=\"https:\/\/radionewsmisiones.ar\/site\/wp-content\/uploads\/2022\/07\/covid-1024x576.jpg 1024w, https:\/\/radionewsmisiones.ar\/site\/wp-content\/uploads\/2022\/07\/covid-300x169.jpg 300w, https:\/\/radionewsmisiones.ar\/site\/wp-content\/uploads\/2022\/07\/covid-768x432.jpg 768w, https:\/\/radionewsmisiones.ar\/site\/wp-content\/uploads\/2022\/07\/covid.jpg 1200w\" sizes=\"(max-width: 1024px) 100vw, 1024px\" \/><\/figure>\n\n\n\n<p>El Ministerio de Salud report\u00f3 este domingo\u00a091 muertes por coronavirus y 52.745 contagios en la \u00faltima semana en la Argentina, lo que representa un 26% m\u00e1s de casos que el domingo pasado (41.735).<\/p>\n\n\n\n<p>De acuerdo a los datos difundidos, la cantidad de muertes aument\u00f3 19,73% en relaci\u00f3n a la semana pasada cuando se hab\u00edan informado 76 fallecimientos.<\/p>\n\n\n\n<p>De esta manera, suman 129.369 los fallecidos registrados oficialmente a nivel nacional y 9.560.307 los contagiados desde el inicio de la pandemia.Seg\u00fan la \u00faltima actualizaci\u00f3n del Monitor P\u00fablico de Vacunaci\u00f3n, el total de dosis aplicadas asciende a 107.823.754, de los cuales 40.881.916 recibieron una dosis, 37.698.518 las dos, 3.133.494 una adicional, 20.966.625 el primer refuerzo, y 5.120.991 el segundo, mientras que las vacunas distribuidas a las jurisdicciones llegan a 114.534.438 y las donadas a 5.083.000.<\/p>\n","protected":false},"excerpt":{"rendered":"<p>La cartera sanitaria indic&oacute; que son 464 los internados con Covid-19 en unidades de terapia intensiva, con un porcentaje de ocupaci&oacute;n de camas de adultos en el sector p&uacute;blico y&hellip; <\/p>\n","protected":false},"author":3,"featured_media":169,"comment_status":"closed","ping_status":"open","sticky":false,"template":"","format":"standard","meta":{"_monsterinsights_skip_tracking":false,"_monsterinsights_sitenote_active":false,"_monsterinsights_sitenote_note":"","_monsterinsights_sitenote_category":0},"categories":[4],"tags":[],"aioseo_notices":[],"_links":{"self":[{"href":"https:\/\/radionewsmisiones.ar\/site\/wp-json\/wp\/v2\/posts\/168"}],"collection":[{"href":"https:\/\/radionewsmisiones.ar\/site\/wp-json\/wp\/v2\/posts"}],"about":[{"href":"https:\/\/radionewsmisiones.ar\/site\/wp-json\/wp\/v2\/types\/post"}],"author":[{"embeddable":true,"href":"https:\/\/radionewsmisiones.ar\/site\/wp-json\/wp\/v2\/users\/3"}],"replies":[{"embeddable":true,"href":"https:\/\/radionewsmisiones.ar\/site\/wp-json\/wp\/v2\/comments?post=168"}],"version-history":[{"count":1,"href":"https:\/\/radionewsmisiones.ar\/site\/wp-json\/wp\/v2\/posts\/168\/revisions"}],"predecessor-version":[{"id":170,"href":"https:\/\/radionewsmisiones.ar\/site\/wp-json\/wp\/v2\/posts\/168\/revisions\/170"}],"wp:featuredmedia":[{"embeddable":true,"href":"https:\/\/radionewsmisiones.ar\/site\/wp-json\/wp\/v2\/media\/169"}],"wp:attachment":[{"href":"https:\/\/radionewsmisiones.ar\/site\/wp-json\/wp\/v2\/media?parent=168"}],"wp:term":[{"taxonomy":"category","embeddable":true,"href":"https:\/\/radionewsmisiones.ar\/site\/wp-json\/wp\/v2\/categories?post=168"},{"taxonomy":"post_tag","embeddable":true,"href":"https:\/\/radionewsmisiones.ar\/site\/wp-json\/wp\/v2\/tags?post=168"}],"curies":[{"name":"wp","href":"https:\/\/api.w.org\/{rel}","templated":true}]}}