{"id":1681,"date":"2022-09-09T19:58:46","date_gmt":"2022-09-09T22:58:46","guid":{"rendered":"https:\/\/radionewsmisiones.ar\/site\/?p=1681"},"modified":"2022-09-09T19:58:51","modified_gmt":"2022-09-09T22:58:51","slug":"finalizo-el-primer-congreso-internacional-de-atencion-primaria-hay-un-motivo-sos-vos","status":"publish","type":"post","link":"https:\/\/radionewsmisiones.ar\/site\/provinciales\/finalizo-el-primer-congreso-internacional-de-atencion-primaria-hay-un-motivo-sos-vos\/","title":{"rendered":"Finaliz\u00f3 el primer Congreso Internacional de Atenci\u00f3n Primaria \u201cHay un motivo, sos Vos\u201d"},"content":{"rendered":"\n<p>Se dieron por finalizadas las jornadas del primer Congreso Internacional de<br>Atenci\u00f3n Primaria \u201cHay un motivo, sos Vos\u201d, con la asistencia de m\u00e1s de 300<br>agentes de salud del primer nivel de atenci\u00f3n, en el Centro de Convenciones y<br>Eventos de Posadas, organizado por el Ministerio de Salud P\u00fablica de<br>Misiones.<\/p>\n\n\n\n<figure class=\"wp-block-image size-full\"><img loading=\"lazy\" width=\"800\" height=\"534\" src=\"https:\/\/radionewsmisiones.ar\/site\/wp-content\/uploads\/2022\/09\/Congreso-APS-II-jornada-13.jpg\" alt=\"\" class=\"wp-image-1682\" srcset=\"https:\/\/radionewsmisiones.ar\/site\/wp-content\/uploads\/2022\/09\/Congreso-APS-II-jornada-13.jpg 800w, https:\/\/radionewsmisiones.ar\/site\/wp-content\/uploads\/2022\/09\/Congreso-APS-II-jornada-13-300x200.jpg 300w, https:\/\/radionewsmisiones.ar\/site\/wp-content\/uploads\/2022\/09\/Congreso-APS-II-jornada-13-768x513.jpg 768w\" sizes=\"(max-width: 800px) 100vw, 800px\" \/><\/figure>\n\n\n\n<p>El evento que se desarroll\u00f3 durante los d\u00edas de ayer y hoy tuvo como principal<br>objetivo reconocer el trabajo que realizan los agentes de salud y profesionales<br>en las \u00e1reas del Primer Nivel de atenci\u00f3n en las 6 zonas sanitarias de la<br>provincia.<\/p>\n\n\n\n<p>Durante el acto, del cierre estuvieron presentes el ministro de Salud P\u00fablica,<br>Oscar Alarc\u00f3n, el subsecretario de Atenci\u00f3n Primaria, Danielo Silva, la<br>Directora de Zona Capital, Thelma Rottoli, la Jefa de \u00c1rea Program\u00e1tica I, Silvia<br>Ayala<\/p>\n\n\n\n<p>En este contexto, el Dr. Danielo Silva expres\u00f3, \u201cesto fue buscar un espacio<br>para compartir las vivencias del trabajo, re\u00edrnos y relacionarnos con nuestros<br>compa\u00f1eros , para poder estar bien entre nosotros. Quiero agradecer a todos<br>los que hicieron posible que esto se pueda llevar a cabo, es importante volver a<br>resaltar que gracias al trabajo de todos ustedes y de nuestro sistema de salud<br>que es envidiable y que lo podemos seguir realizando gracias a todos\u201d.<\/p>\n\n\n\n<p>Asimismo, el Ministro Alarc\u00f3n destac\u00f3, \u201cquiero agradecer en nombre de toda la<br>provincia por el gran trabajo que realizan diariamente, por decidimos realizar<br>este congreso para poder juntarnos, felicitarnos y agradecernos por el trabajo<br>de cada uno de ustedes en cada rinc\u00f3n de la provincia\u201d.<\/p>\n\n\n\n<p>Ademas, durante el cierre tambi\u00e9n se efectu\u00f3 la entrega de certificados a los<br>participantes que expusieron sus trabajo representando las diferentes zonas<br>sanitarias de la provincia. Fueron dos de d\u00edas de camarader\u00eda y de gran<br>participaci\u00f3n de agentes sanitarios, promotores de salud, enfermeros y<br>enfermeras, m\u00e9dicos y m\u00e9dicas que a diario est\u00e1n al frente de la atenci\u00f3n<br>primaria de la salud de Misiones.<\/p>\n","protected":false},"excerpt":{"rendered":"<p>Se dieron por finalizadas las jornadas del primer Congreso Internacional deAtenci&oacute;n Primaria &ldquo;Hay un motivo, sos Vos&rdquo;, con la asistencia de m&aacute;s de 300agentes de salud del primer nivel de&hellip; <\/p>\n","protected":false},"author":3,"featured_media":1683,"comment_status":"closed","ping_status":"open","sticky":false,"template":"","format":"standard","meta":{"_monsterinsights_skip_tracking":false,"_monsterinsights_sitenote_active":false,"_monsterinsights_sitenote_note":"","_monsterinsights_sitenote_category":0},"categories":[3],"tags":[19],"aioseo_notices":[],"_links":{"self":[{"href":"https:\/\/radionewsmisiones.ar\/site\/wp-json\/wp\/v2\/posts\/1681"}],"collection":[{"href":"https:\/\/radionewsmisiones.ar\/site\/wp-json\/wp\/v2\/posts"}],"about":[{"href":"https:\/\/radionewsmisiones.ar\/site\/wp-json\/wp\/v2\/types\/post"}],"author":[{"embeddable":true,"href":"https:\/\/radionewsmisiones.ar\/site\/wp-json\/wp\/v2\/users\/3"}],"replies":[{"embeddable":true,"href":"https:\/\/radionewsmisiones.ar\/site\/wp-json\/wp\/v2\/comments?post=1681"}],"version-history":[{"count":1,"href":"https:\/\/radionewsmisiones.ar\/site\/wp-json\/wp\/v2\/posts\/1681\/revisions"}],"predecessor-version":[{"id":1684,"href":"https:\/\/radionewsmisiones.ar\/site\/wp-json\/wp\/v2\/posts\/1681\/revisions\/1684"}],"wp:featuredmedia":[{"embeddable":true,"href":"https:\/\/radionewsmisiones.ar\/site\/wp-json\/wp\/v2\/media\/1683"}],"wp:attachment":[{"href":"https:\/\/radionewsmisiones.ar\/site\/wp-json\/wp\/v2\/media?parent=1681"}],"wp:term":[{"taxonomy":"category","embeddable":true,"href":"https:\/\/radionewsmisiones.ar\/site\/wp-json\/wp\/v2\/categories?post=1681"},{"taxonomy":"post_tag","embeddable":true,"href":"https:\/\/radionewsmisiones.ar\/site\/wp-json\/wp\/v2\/tags?post=1681"}],"curies":[{"name":"wp","href":"https:\/\/api.w.org\/{rel}","templated":true}]}}