{"id":1689,"date":"2022-09-09T20:03:22","date_gmt":"2022-09-09T23:03:22","guid":{"rendered":"https:\/\/radionewsmisiones.ar\/site\/?p=1689"},"modified":"2022-09-09T20:03:26","modified_gmt":"2022-09-09T23:03:26","slug":"brindaran-herramientas-para-la-identificacion-y-la-contencion-de-comportamientos-suicidas","status":"publish","type":"post","link":"https:\/\/radionewsmisiones.ar\/site\/provinciales\/brindaran-herramientas-para-la-identificacion-y-la-contencion-de-comportamientos-suicidas\/","title":{"rendered":"Brindar\u00e1n herramientas para la identificaci\u00f3n y la contenci\u00f3n de comportamientos suicidas"},"content":{"rendered":"\n<p>Este s\u00e1bado 10 de septiembre, fecha en que se conmemora el D\u00eda Mundial de Prevenci\u00f3n del Suicidio, la Secretar\u00eda de Salud de la Municipalidad de Posadas junto con la Asociaci\u00f3n Defender la Vida realizar\u00e1n una jornada preventiva y de sensibilizaci\u00f3n.<\/p>\n\n\n\n<figure class=\"wp-block-image size-large\"><img loading=\"lazy\" width=\"1024\" height=\"1024\" src=\"https:\/\/radionewsmisiones.ar\/site\/wp-content\/uploads\/2022\/09\/WhatsApp-Image-2022-09-09-at-17.47.25-1024x1024.jpeg\" alt=\"\" class=\"wp-image-1690\" srcset=\"https:\/\/radionewsmisiones.ar\/site\/wp-content\/uploads\/2022\/09\/WhatsApp-Image-2022-09-09-at-17.47.25-1024x1024.jpeg 1024w, https:\/\/radionewsmisiones.ar\/site\/wp-content\/uploads\/2022\/09\/WhatsApp-Image-2022-09-09-at-17.47.25-300x300.jpeg 300w, https:\/\/radionewsmisiones.ar\/site\/wp-content\/uploads\/2022\/09\/WhatsApp-Image-2022-09-09-at-17.47.25-150x150.jpeg 150w, https:\/\/radionewsmisiones.ar\/site\/wp-content\/uploads\/2022\/09\/WhatsApp-Image-2022-09-09-at-17.47.25-768x768.jpeg 768w, https:\/\/radionewsmisiones.ar\/site\/wp-content\/uploads\/2022\/09\/WhatsApp-Image-2022-09-09-at-17.47.25.jpeg 1280w\" sizes=\"(max-width: 1024px) 100vw, 1024px\" \/><\/figure>\n\n\n\n<p>Las actividades se desarrollar\u00e1n en la Plaza 9 de Julio de 09:30 a 11:30 hs. \u201cSe invita a las instituciones de salud, educativas, pol\u00edticas, religiosas y a la comunidad en general a sumarse y promover la colaboraci\u00f3n para la difusi\u00f3n de mensajes positivos, facilitando un debate abierto sobre la salud mental\u201d, coment\u00f3 la Directora de Discapacidad, Natalia Falcone.<\/p>\n\n\n\n<p>En esta l\u00ednea, consider\u00f3 que se debe enfatizar a que el suicidio es multicausal y que esta conducta se presenta m\u00e1s frecuentemente en situaciones de crisis que en relaci\u00f3n a psicopatolog\u00eda. Seg\u00fan la Organizaci\u00f3n Mundial de la Salud (OMS), el suicidio es considerado un problema de salud p\u00fablica grave y creciente a nivel mundial.<\/p>\n\n\n\n<p>Vale resaltar que el suicidio se puede prevenir. Para ello, las principales medidas de prevenci\u00f3n incluyen difundir pol\u00edticas de salud mental, promover la informaci\u00f3n medi\u00e1tica responsable sobre el suicidio, entre otras. \u201cEl estigma social y la falta de conciencia siguen siendo los principales obst\u00e1culos para la b\u00fasqueda de ayuda para el suicidio\u201d, dijo Falcone.<\/p>\n\n\n\n<p>\u201cEl suicidio es un proceso, y en cualquier etapa es posible intervenir con prevenci\u00f3n, cuya base es la escucha, bajo ning\u00fan caso hay que banalizar el intento suicida\u201d, agreg\u00f3. \u201cCon una escucha compasiva y sin juzgar es m\u00e1s probable que ayude a reducir la angustia que a exacerbarla. La escucha atenta, comprensiva, compasiva y amorosa puede y debe ser la principal herramienta en la prevenci\u00f3n del suicidio\u201d, comento para concluir Falcone.<\/p>\n\n\n\n<p>Los interrogantes \u00bfpara qu\u00e9 hablar de suicidio?, \u00bfc\u00f3mo empezar a prevenirlo?, \u00bfcu\u00e1les son las se\u00f1ales a tener en cuenta? ser\u00e1n abordados durante la jornada de concientizaci\u00f3n en la plaza 9 de Julio.<\/p>\n","protected":false},"excerpt":{"rendered":"<p>Este s&aacute;bado 10 de septiembre, fecha en que se conmemora el D&iacute;a Mundial de Prevenci&oacute;n del Suicidio, la Secretar&iacute;a de Salud de la Municipalidad de Posadas junto con la Asociaci&oacute;n&hellip; <\/p>\n","protected":false},"author":3,"featured_media":1690,"comment_status":"closed","ping_status":"open","sticky":false,"template":"","format":"standard","meta":{"_monsterinsights_skip_tracking":false,"_monsterinsights_sitenote_active":false,"_monsterinsights_sitenote_note":"","_monsterinsights_sitenote_category":0},"categories":[3],"tags":[22],"aioseo_notices":[],"_links":{"self":[{"href":"https:\/\/radionewsmisiones.ar\/site\/wp-json\/wp\/v2\/posts\/1689"}],"collection":[{"href":"https:\/\/radionewsmisiones.ar\/site\/wp-json\/wp\/v2\/posts"}],"about":[{"href":"https:\/\/radionewsmisiones.ar\/site\/wp-json\/wp\/v2\/types\/post"}],"author":[{"embeddable":true,"href":"https:\/\/radionewsmisiones.ar\/site\/wp-json\/wp\/v2\/users\/3"}],"replies":[{"embeddable":true,"href":"https:\/\/radionewsmisiones.ar\/site\/wp-json\/wp\/v2\/comments?post=1689"}],"version-history":[{"count":1,"href":"https:\/\/radionewsmisiones.ar\/site\/wp-json\/wp\/v2\/posts\/1689\/revisions"}],"predecessor-version":[{"id":1691,"href":"https:\/\/radionewsmisiones.ar\/site\/wp-json\/wp\/v2\/posts\/1689\/revisions\/1691"}],"wp:featuredmedia":[{"embeddable":true,"href":"https:\/\/radionewsmisiones.ar\/site\/wp-json\/wp\/v2\/media\/1690"}],"wp:attachment":[{"href":"https:\/\/radionewsmisiones.ar\/site\/wp-json\/wp\/v2\/media?parent=1689"}],"wp:term":[{"taxonomy":"category","embeddable":true,"href":"https:\/\/radionewsmisiones.ar\/site\/wp-json\/wp\/v2\/categories?post=1689"},{"taxonomy":"post_tag","embeddable":true,"href":"https:\/\/radionewsmisiones.ar\/site\/wp-json\/wp\/v2\/tags?post=1689"}],"curies":[{"name":"wp","href":"https:\/\/api.w.org\/{rel}","templated":true}]}}