{"id":1692,"date":"2022-09-09T20:04:31","date_gmt":"2022-09-09T23:04:31","guid":{"rendered":"https:\/\/radionewsmisiones.ar\/site\/?p=1692"},"modified":"2022-09-09T20:04:36","modified_gmt":"2022-09-09T23:04:36","slug":"modifican-la-ex-ruta-213-para-mejorar-la-circulacion-vehicular","status":"publish","type":"post","link":"https:\/\/radionewsmisiones.ar\/site\/provinciales\/modifican-la-ex-ruta-213-para-mejorar-la-circulacion-vehicular\/","title":{"rendered":"Modifican la ex ruta 213 para mejorar la circulaci\u00f3n vehicular"},"content":{"rendered":"\n<p>La Municipalidad de Posadas se encuentra desarrollando la adecuaci\u00f3n de la calzada de la avenida Alicia Moreau de Justo y Venezuela.<\/p>\n\n\n\n<figure class=\"wp-block-image size-large\"><img loading=\"lazy\" width=\"1024\" height=\"681\" src=\"https:\/\/radionewsmisiones.ar\/site\/wp-content\/uploads\/2022\/09\/WhatsApp-Image-2022-09-09-at-12.16.03-1024x681.jpeg\" alt=\"\" class=\"wp-image-1693\" srcset=\"https:\/\/radionewsmisiones.ar\/site\/wp-content\/uploads\/2022\/09\/WhatsApp-Image-2022-09-09-at-12.16.03-1024x681.jpeg 1024w, https:\/\/radionewsmisiones.ar\/site\/wp-content\/uploads\/2022\/09\/WhatsApp-Image-2022-09-09-at-12.16.03-300x199.jpeg 300w, https:\/\/radionewsmisiones.ar\/site\/wp-content\/uploads\/2022\/09\/WhatsApp-Image-2022-09-09-at-12.16.03-768x511.jpeg 768w, https:\/\/radionewsmisiones.ar\/site\/wp-content\/uploads\/2022\/09\/WhatsApp-Image-2022-09-09-at-12.16.03.jpeg 1280w\" sizes=\"(max-width: 1024px) 100vw, 1024px\" \/><\/figure>\n\n\n\n<p>Este trabajo tiene como objetivo agrandar la v\u00eda de circulaci\u00f3n desde la calle Juana Azurduy hasta la rotonda que distribuye el tr\u00e1fico hacia el ingreso al barrio Latinoam\u00e9rica, la continuaci\u00f3n por la ex Ruta provincial 213, el ingreso a la avenida Cabo de Hornos o el retorno hacia el norte de la ciudad.<\/p>\n\n\n\n<p>En este tramo se ejecutar\u00e1 un ensanche de calzada principal y una rama de salida hacia la avenida Venezuela como as\u00ed tambi\u00e9n la readecuaci\u00f3n de los niveles de colectora lo que resultar\u00e1 en pendientes adecuadas para la circulaci\u00f3n.<\/p>\n\n\n\n<p>Mientras estas tareas duren, se solicita circular con precauci\u00f3n para evitar siniestros viales o embotellamientos en la zona.<\/p>\n","protected":false},"excerpt":{"rendered":"<p>La Municipalidad de Posadas se encuentra desarrollando la adecuaci&oacute;n de la calzada de la avenida Alicia Moreau de Justo y Venezuela. Este trabajo tiene como objetivo agrandar la v&iacute;a de&hellip; <\/p>\n","protected":false},"author":3,"featured_media":1694,"comment_status":"closed","ping_status":"open","sticky":false,"template":"","format":"standard","meta":{"_monsterinsights_skip_tracking":false,"_monsterinsights_sitenote_active":false,"_monsterinsights_sitenote_note":"","_monsterinsights_sitenote_category":0},"categories":[3],"tags":[22],"aioseo_notices":[],"_links":{"self":[{"href":"https:\/\/radionewsmisiones.ar\/site\/wp-json\/wp\/v2\/posts\/1692"}],"collection":[{"href":"https:\/\/radionewsmisiones.ar\/site\/wp-json\/wp\/v2\/posts"}],"about":[{"href":"https:\/\/radionewsmisiones.ar\/site\/wp-json\/wp\/v2\/types\/post"}],"author":[{"embeddable":true,"href":"https:\/\/radionewsmisiones.ar\/site\/wp-json\/wp\/v2\/users\/3"}],"replies":[{"embeddable":true,"href":"https:\/\/radionewsmisiones.ar\/site\/wp-json\/wp\/v2\/comments?post=1692"}],"version-history":[{"count":1,"href":"https:\/\/radionewsmisiones.ar\/site\/wp-json\/wp\/v2\/posts\/1692\/revisions"}],"predecessor-version":[{"id":1695,"href":"https:\/\/radionewsmisiones.ar\/site\/wp-json\/wp\/v2\/posts\/1692\/revisions\/1695"}],"wp:featuredmedia":[{"embeddable":true,"href":"https:\/\/radionewsmisiones.ar\/site\/wp-json\/wp\/v2\/media\/1694"}],"wp:attachment":[{"href":"https:\/\/radionewsmisiones.ar\/site\/wp-json\/wp\/v2\/media?parent=1692"}],"wp:term":[{"taxonomy":"category","embeddable":true,"href":"https:\/\/radionewsmisiones.ar\/site\/wp-json\/wp\/v2\/categories?post=1692"},{"taxonomy":"post_tag","embeddable":true,"href":"https:\/\/radionewsmisiones.ar\/site\/wp-json\/wp\/v2\/tags?post=1692"}],"curies":[{"name":"wp","href":"https:\/\/api.w.org\/{rel}","templated":true}]}}