{"id":1713,"date":"2022-09-11T19:36:12","date_gmt":"2022-09-11T22:36:12","guid":{"rendered":"https:\/\/radionewsmisiones.ar\/site\/?p=1713"},"modified":"2022-09-11T19:36:16","modified_gmt":"2022-09-11T22:36:16","slug":"legislatura-disertaron-sobre-el-abordaje-que-realizan-los-medios-acerca-de-la-problematica-del-suicidio","status":"publish","type":"post","link":"https:\/\/radionewsmisiones.ar\/site\/provinciales\/legislatura-disertaron-sobre-el-abordaje-que-realizan-los-medios-acerca-de-la-problematica-del-suicidio\/","title":{"rendered":"Legislatura: Disertaron sobre el abordaje que realizan los medios acerca de la problem\u00e1tica del suicidio"},"content":{"rendered":"\n<p><strong>La actividad se realiz\u00f3 en contexto de la \u201cCampa\u00f1a de prevenci\u00f3n del suicidio: Prevenir para vivir\u00bb, declarada de inter\u00e9s provincial por la C\u00e1mara de Representantes de Misiones. Durante el encuentro, referentes de medios de comunicaci\u00f3n de la provincia se capacitaron en las claves para una comunicaci\u00f3n responsable de la tem\u00e1tica.<\/strong><\/p>\n\n\n\n<figure class=\"wp-block-image size-large\"><img loading=\"lazy\" width=\"1024\" height=\"577\" src=\"https:\/\/radionewsmisiones.ar\/site\/wp-content\/uploads\/2022\/09\/DSC05478-1024x577.jpg\" alt=\"\" class=\"wp-image-1714\" srcset=\"https:\/\/radionewsmisiones.ar\/site\/wp-content\/uploads\/2022\/09\/DSC05478-1024x577.jpg 1024w, https:\/\/radionewsmisiones.ar\/site\/wp-content\/uploads\/2022\/09\/DSC05478-300x169.jpg 300w, https:\/\/radionewsmisiones.ar\/site\/wp-content\/uploads\/2022\/09\/DSC05478-768x433.jpg 768w, https:\/\/radionewsmisiones.ar\/site\/wp-content\/uploads\/2022\/09\/DSC05478-1536x866.jpg 1536w, https:\/\/radionewsmisiones.ar\/site\/wp-content\/uploads\/2022\/09\/DSC05478.jpg 1600w\" sizes=\"(max-width: 1024px) 100vw, 1024px\" \/><\/figure>\n\n\n\n<p>La apertura estuvo a cargo del ministro de Prevenci\u00f3n de Adicciones, Samuel L\u00f3pez; el subsecretario del Ministerio de Salud, H\u00e9ctor Proeza; y del director de Salud Mental, Nicol\u00e1s Aranda.<\/p>\n\n\n\n<p>Disertaron la directora nacional de Salud Mental y Adicciones, Mariana Moreno; la coordinadora nacional de Abordaje Integral del Suicidio, B\u00e1rbara Alter; y la integrante de la direcci\u00f3n de An\u00e1lisis e Investigaci\u00f3n, de la Defensor\u00eda del P\u00fablico de Servicios Audiovisuales, Romina Paolino.<\/p>\n\n\n\n<p>Aranda explic\u00f3 que, \u201cse lleva a cabo la capacitaci\u00f3n de comunicaci\u00f3n responsable en la tem\u00e1tica de suicidios en los medios de comunicaci\u00f3n, y se trabajar\u00e1 tambi\u00e9n el rol de los medios en la comunicaci\u00f3n del suicidio\u201d.<\/p>\n\n\n\n<p>\u201cEl suicidio no es un problema de una persona sola o de una \u00fanica familia, sino es el problema de todos nosotros, por eso invitamos a la Direcci\u00f3n Nacional de Salud Mental, que tienen una capacitaci\u00f3n para los medios de informaci\u00f3n\u201d, agreg\u00f3.<\/p>\n\n\n\n<p>\u201cHoy vamos a trabajar para darles herramientas a los comunicadores para que a la hora de realizar su tarea, lo hagan \u00e9ticamente, y eviten los efectos de r\u00e9plicas que generan los episodios vinculados a los intento de suicidios y autolesiones\u201d, manifest\u00f3 Aranda.<\/p>\n\n\n\n<p>Expres\u00f3 que \u201cel suicidio es prevenible, y tiene mucho valor la \u2018escucha activa\u2019, es decir que debemos tener un compromiso de escuchar a quien est\u00e1 sufriendo, y de esta manera poder acompa\u00f1ar para salir adelante de la situaci\u00f3n en la que est\u00e1 viviendo esa persona\u201d.<\/p>\n\n\n\n<p>En tanto, Proeza indic\u00f3 que, \u201cel suicidio, para nosotros, es un problema en Salud P\u00fablica porque de cada cuatro muertes, uno se suicida por alguna situaci\u00f3n de desesperanza que vive esa persona, por ello, tenemos que buscar una salida, darle una esperanza y una oportunidad de ser escuchado\u201d.<\/p>\n\n\n\n<p>Se\u00f1al\u00f3 adem\u00e1s la importancia \u201cde los medios de comunicaci\u00f3n, que en esos momentos de crisis ocupan un rol principal\u201d.<\/p>\n\n\n\n<p>Por su parte, la directora nacional de Salud Mental y Adicciones, Moreno Mariana, se refiri\u00f3 al prop\u00f3sito del encuentro, \u201cque tiene que ver con el abordaje responsable de la problem\u00e1tica del suicidio en los medios de comunicaci\u00f3n, pero nosotros queremos ampliar y no quedarnos focalizado solamente en esto, porque es una parte de todo lo que tiene que ver con esta problem\u00e1tica\u201d.<\/p>\n\n\n\n<p>\u201cEsto significa que se pone en un lugar de primera plana esta problem\u00e1tica, pero no solo esta problem\u00e1tica, sino la salud mental en general, y esta es una oportunidad que nosotros no vamos a perder, porque siempre la salud mental queda para lo \u00faltimo y ahora que estamos en el primer plano nos vamos a poner a trabajar con todo\u201d, agreg\u00f3.<\/p>\n\n\n\n<p>L\u00f3pez hizo \u00e9nfasis en \u201cla necesidad de hablar de salud mental en la provincia, porque entendemos que la prevenci\u00f3n es y debe ser un compromiso de todos\u201d.<\/p>\n\n\n\n<p>&nbsp;Agreg\u00f3 que \u201cpara lograr una comunicaci\u00f3n que sea responsable, es fundamental y clave, en estas situaciones, contar con la participaci\u00f3n de todos los actores, respetando sus saberes, y as\u00ed, entre todos realizar una construcci\u00f3n de salud mental\u201d.<\/p>\n","protected":false},"excerpt":{"rendered":"<p>La actividad se realiz&oacute; en contexto de la &ldquo;Campa&ntilde;a de prevenci&oacute;n del suicidio: Prevenir para vivir&raquo;, declarada de inter&eacute;s provincial por la C&aacute;mara de Representantes de Misiones. Durante el encuentro,&hellip; <\/p>\n","protected":false},"author":3,"featured_media":1715,"comment_status":"closed","ping_status":"open","sticky":false,"template":"","format":"standard","meta":{"_monsterinsights_skip_tracking":false,"_monsterinsights_sitenote_active":false,"_monsterinsights_sitenote_note":"","_monsterinsights_sitenote_category":0},"categories":[3],"tags":[7],"aioseo_notices":[],"_links":{"self":[{"href":"https:\/\/radionewsmisiones.ar\/site\/wp-json\/wp\/v2\/posts\/1713"}],"collection":[{"href":"https:\/\/radionewsmisiones.ar\/site\/wp-json\/wp\/v2\/posts"}],"about":[{"href":"https:\/\/radionewsmisiones.ar\/site\/wp-json\/wp\/v2\/types\/post"}],"author":[{"embeddable":true,"href":"https:\/\/radionewsmisiones.ar\/site\/wp-json\/wp\/v2\/users\/3"}],"replies":[{"embeddable":true,"href":"https:\/\/radionewsmisiones.ar\/site\/wp-json\/wp\/v2\/comments?post=1713"}],"version-history":[{"count":1,"href":"https:\/\/radionewsmisiones.ar\/site\/wp-json\/wp\/v2\/posts\/1713\/revisions"}],"predecessor-version":[{"id":1716,"href":"https:\/\/radionewsmisiones.ar\/site\/wp-json\/wp\/v2\/posts\/1713\/revisions\/1716"}],"wp:featuredmedia":[{"embeddable":true,"href":"https:\/\/radionewsmisiones.ar\/site\/wp-json\/wp\/v2\/media\/1715"}],"wp:attachment":[{"href":"https:\/\/radionewsmisiones.ar\/site\/wp-json\/wp\/v2\/media?parent=1713"}],"wp:term":[{"taxonomy":"category","embeddable":true,"href":"https:\/\/radionewsmisiones.ar\/site\/wp-json\/wp\/v2\/categories?post=1713"},{"taxonomy":"post_tag","embeddable":true,"href":"https:\/\/radionewsmisiones.ar\/site\/wp-json\/wp\/v2\/tags?post=1713"}],"curies":[{"name":"wp","href":"https:\/\/api.w.org\/{rel}","templated":true}]}}