{"id":1717,"date":"2022-09-11T19:38:12","date_gmt":"2022-09-11T22:38:12","guid":{"rendered":"https:\/\/radionewsmisiones.ar\/site\/?p=1717"},"modified":"2022-09-11T19:38:17","modified_gmt":"2022-09-11T22:38:17","slug":"%ef%bf%bcla-legislatura-creo-un-programa-para-la-atencion-de-ninos-y-adolescentes-con-cancer-y-una-ecoescuela-para-el-desarrollo-sostenible","status":"publish","type":"post","link":"https:\/\/radionewsmisiones.ar\/site\/provinciales\/%ef%bf%bcla-legislatura-creo-un-programa-para-la-atencion-de-ninos-y-adolescentes-con-cancer-y-una-ecoescuela-para-el-desarrollo-sostenible\/","title":{"rendered":"\ufffcLa Legislatura cre\u00f3 un programa para la atenci\u00f3n de ni\u00f1os y adolescentes con c\u00e1ncer, y una ecoescuela para el desarrollo sostenible"},"content":{"rendered":"\n<p><strong>En otras leyes aprobadas en su sesi\u00f3n semanal, asimismo estableci\u00f3 la promoci\u00f3n y concientizaci\u00f3n respecto de los objetivos de desarrollo sostenible acordados por los estados integrantes de la Organizaci\u00f3n de las Naciones Unidas. Don\u00f3 inmuebles a diferentes instituciones y declar\u00f3 patrimonio hist\u00f3rico a ruinas de Candelaria y como monumento natural a la especie de mono \u201ccaray\u00e1 negro y dorado\u201d.<\/strong><\/p>\n\n\n\n<figure class=\"wp-block-image size-large\"><img loading=\"lazy\" width=\"1024\" height=\"577\" src=\"https:\/\/radionewsmisiones.ar\/site\/wp-content\/uploads\/2022\/09\/DSC05231-1024x577.jpg\" alt=\"\" class=\"wp-image-1718\" srcset=\"https:\/\/radionewsmisiones.ar\/site\/wp-content\/uploads\/2022\/09\/DSC05231-1024x577.jpg 1024w, https:\/\/radionewsmisiones.ar\/site\/wp-content\/uploads\/2022\/09\/DSC05231-300x169.jpg 300w, https:\/\/radionewsmisiones.ar\/site\/wp-content\/uploads\/2022\/09\/DSC05231-768x433.jpg 768w, https:\/\/radionewsmisiones.ar\/site\/wp-content\/uploads\/2022\/09\/DSC05231-1536x866.jpg 1536w, https:\/\/radionewsmisiones.ar\/site\/wp-content\/uploads\/2022\/09\/DSC05231.jpg 1600w\" sizes=\"(max-width: 1024px) 100vw, 1024px\" \/><\/figure>\n\n\n\n<p>Participaron de la sesi\u00f3n el vicegobernador de la provincia de Misiones, Carlos Arce, acompa\u00f1ado por ministros y funcionarios del Poder Ejecutivo; la presidenta del Superior Tribunal de Justicia (STJ), Rosanna P\u00eda Venchiarutti, y el ministro del STJ, Rub\u00e9n Uset. Adem\u00e1s, asistieron diputados nacionales e intendentes y autoridades municipales de diferentes municipios, y miembros de organizaciones sociales y fundaciones.<\/p>\n\n\n\n<p>El Programa Provincial de Hemato-Oncolog\u00eda Pedi\u00e1trica, destinado a la atenci\u00f3n integral de ni\u00f1os, ni\u00f1as y adolescentes con diagn\u00f3stico de c\u00e1ncer tiene como fin minimizar la morbimortalidad y las secuelas vinculadas a ese tipo de enfermedades para mejorar la calidad de vida y sobrevida de estos pacientes.<\/p>\n\n\n\n<p>Tambi\u00e9n busca garantizar la atenci\u00f3n m\u00e9dica multidisciplinaria con enfoque hol\u00edstico, el acceso a estudios y pr\u00e1cticas diagn\u00f3sticas, terap\u00e9uticas, quir\u00fargicas, psicol\u00f3gicas, de rehabilitaci\u00f3n, paliativas y de otras terapias necesarias para el abordaje, tratamiento y control de la enfermedad y de las complicaciones asociadas.<\/p>\n\n\n\n<p>Asimismo, promover el uso de tecnolog\u00edas de informaci\u00f3n y comunicaci\u00f3n para consulta y seguimiento de pacientes a distancia; impulsar la inclusi\u00f3n social activa del paciente; y crear espacios l\u00fadicos para los pacientes en tratamiento.<\/p>\n\n\n\n<p>En la misma norma, surgida a partir de proyectos presentados por el diputado Mart\u00edn Cesino y por el ex legislador Juan Pablo Ram\u00edrez, se crea la Red Provincial de Atenci\u00f3n Multidisciplinaria para Ni\u00f1os, Ni\u00f1as y Adolescentes con Diagn\u00f3stico de Enfermedades Oncol\u00f3gicas o Hemato-Oncol\u00f3gicas, con el prop\u00f3sito de facilitar y coordinar la participaci\u00f3n de los efectores de salud, centros oncol\u00f3gicos, servicios m\u00e9dicos y laboratorios del sistema p\u00fablico de salud que tratan estas enfermedades.<\/p>\n\n\n\n<p>Tambi\u00e9n, se implementan salas de juegos terap\u00e9uticas dentro de los establecimientos sanitarios del sistema p\u00fablico que brindan atenci\u00f3n y tratamiento a pacientes oncopedi\u00e1tricos, y se resuelve la adhesi\u00f3n de Misiones a la ley nacional que cre\u00f3 el R\u00e9gimen de Protecci\u00f3n Integral del Ni\u00f1o, Ni\u00f1a y Adolescente con C\u00e1ncer.<\/p>\n\n\n\n<p>En los fundamentos del proyecto, Cesino se\u00f1al\u00f3 que la iniciativa busca \u201cfortalecer la respuesta del sistema de salud al c\u00e1ncer infantil, brindando una herramienta a fin de minimizar la morbimortalidad y secuelas vinculadas a las enfermedades oncol\u00f3gicas y hemato-oncol\u00f3gicas en ni\u00f1os, ni\u00f1as y adolescentes, mejorando la sobrevida y la calidad de vida del paciente\u201d.<\/p>\n\n\n\n<p>\u201cLa ley propone garantizar la cobertura integral para la realizaci\u00f3n de pruebas y ex\u00e1menes con fines de diagn\u00f3stico; la atenci\u00f3n, asistencia y control m\u00e9dico cl\u00ednico, oncol\u00f3gico, y de otros especialistas, asesoramiento y seguimiento nutricional, y otras terapias, con car\u00e1cter interdisciplinario, sin topes o l\u00edmites de sesiones\u201d, explic\u00f3.<\/p>\n\n\n\n<p>Tambi\u00e9n, \u201cla cobertura de intervenciones quir\u00fargicas, tratamientos farmacol\u00f3gicos y no farmacol\u00f3gicos espec\u00edficos para el c\u00e1ncer, inmunoterapia, terapia hormonal, radioterapia, trasplante y todo otro tratamiento terap\u00e9utico; la cobertura en el seguimiento y control cl\u00ednico multidisciplinario con posterioridad a la internaci\u00f3n o a la finalizaci\u00f3n del tratamiento\u201d.<\/p>\n\n\n\n<p>Y \u201cla cobertura de cuidados paliativos, servicio de rehabilitaci\u00f3n y fisioterapia, atenci\u00f3n psicol\u00f3gica y contenci\u00f3n emocional adecuada para el paciente y su n\u00facleo familiar; y el acceso a dispositivos m\u00e9dicos, pr\u00f3tesis, sillas de ruedas, muletas o cualquier otro producto necesario para la rehabilitaci\u00f3n, entre otros servicios\u201d, a\u00f1adi\u00f3.<\/p>\n\n\n\n<p>En la sesi\u00f3n, Cesino dijo que, \u201cesta iniciativa vale oro porque la principal riqueza que tenemos son los ni\u00f1os, ni\u00f1as, y adolescentes; es una iniciativa que va a ir fortaleciendo y potenciando todas las acciones y todos los programas que viene implementando el Estado provincial a trav\u00e9s de Salud P\u00fablica, por eso debemos garantizar el acceso a los servicios de calidad\u201d.<\/p>\n\n\n\n<p>\u201cEn la provincia tenemos m\u00e1s de 1.500 ni\u00f1os o ni\u00f1as que son atendidos por el Hospital de Pediatr\u00eda, el a\u00f1o pasado se diagnosticaron 73 ni\u00f1os, muchos de estos tumores son hematol\u00f3gicos, por eso hay que destacar que hoy al presentar estos problemas son atendidos por el servicio de oncolog\u00eda pedi\u00e1trica del Hospital Fernando Barreyro de la ciudad de Posadas\u201d, explic\u00f3 el diputado.<\/p>\n\n\n\n<p>Adem\u00e1s agreg\u00f3 que, \u201cel 90% del c\u00e1ncer infantil se cura si se descubre tempranamente, y esto es importante porque permite y garantiza la atenci\u00f3n a los ni\u00f1os\u201d .<\/p>\n\n\n\n<p><strong>Ecoescuela<\/strong><\/p>\n\n\n\n<p>La C\u00e1mara de Representantes cre\u00f3 la ecoescuela denominada OGA, como un espacio ecoc\u00e9ntrico en el contexto de las metodolog\u00edas disruptivas de ense\u00f1anza y aprendizaje incorporadas al sistema educativo provincial.<\/p>\n\n\n\n<p>El prop\u00f3sito de la ley, que integra los proyectos presentados por los diputados Carlos Rovira y Ariel Pianesi, es promover el desarrollo sostenible de la provincia, mediante el fortalecimiento del patrimonio local y el cuidado ambiental, y potenciando el proceso pedag\u00f3gico disruptivo no formal.<\/p>\n\n\n\n<p>Por ecoescuela se refiere al espacio f\u00edsico en el que convergen distintas disciplinas y sus pr\u00e1cticas en forma integrada, teniendo en cuenta la naturaleza como eje central de acci\u00f3n y ofreciendo campos de estudio que cruzan los l\u00edmites tradicionales entre varias disciplinas acad\u00e9micas.<\/p>\n\n\n\n<p>OGA tendr\u00e1 la funci\u00f3n de desarrollar pol\u00edticas integrales e inclusivas que promuevan el desarrollo de un espacio para la formaci\u00f3n de personas emp\u00e1ticas y conscientes de su entorno, que sean capaces de dialogar y encontrar satisfacci\u00f3n en una vida plural y justa en concordancia con el bien natural.<\/p>\n\n\n\n<p>Tambi\u00e9n, incentivar a las generaciones actuales a desarrollar nuevos procesos de producci\u00f3n sostenible que satisfagan las necesidades econ\u00f3micas, sociales y de diversidad cultural a trav\u00e9s del cuidado de los recursos y servicios ambientales.<\/p>\n\n\n\n<p>En la norma se crea tambi\u00e9n el programa Mision-Es Verde, para establecer las bases acad\u00e9micas, acciones y herramientas que sirvan para comprender los procesos a trav\u00e9s de los cuales se producen las alteraciones ambientales de car\u00e1cter antropog\u00e9nico, y fomentar la responsabilidad del ser humano con la naturaleza.<\/p>\n\n\n\n<p>Adem\u00e1s, el Calendario Eco Ambiental, como una herramienta de difusi\u00f3n, organizaci\u00f3n y registro, de eventos y efem\u00e9rides para la protecci\u00f3n y desarrollo sustentable de los recursos naturales y la biodiversidad.<\/p>\n\n\n\n<p>En los fundamentos del proyecto, Rovira afirm\u00f3: \u201cEl territorio de la provincia es nuestra gran casa, y como humildes administradores y usufructuarios de sus recursos debemos cuidar, proteger y gestionar de manera sostenible nuestra Oga, promoviendo e implementando nuevas medidas y acciones de prevenci\u00f3n, restauraci\u00f3n y protecci\u00f3n del equilibrio ecol\u00f3gico, adem\u00e1s de enriquecer paso a paso nuestra conciencia ambiental y el compromiso sustentable\u201d.<\/p>\n\n\n\n<p>Asimismo, manifest\u00f3 la \u201ccerteza de que es imprescindible fortalecer los sistemas de protecci\u00f3n y concientizaci\u00f3n del ambiente\u201d.<\/p>\n\n\n\n<p>Por su parte, en el proyecto de Pianesi se considera que disponer de informaci\u00f3n ambiental en un sitio \u201ces una herramienta muy \u00fatil para que la ciudadan\u00eda conozca, comprenda y se comprometa con la preservaci\u00f3n del ambiente\u201d.<\/p>\n\n\n\n<p>\u201cLos problemas ambientales dependen de qu\u00e9 tanto las personas se involucren en su abordaje\u201d, resalt\u00f3.<\/p>\n\n\n\n<p>En el momento previo a la votaci\u00f3n, la diputada Cristina Bandera, en su car\u00e1cter de informante de la comisi\u00f3n que trat\u00f3 los proyectos, dijo que esta norma \u201cpromueve la creaci\u00f3n de un instituto educativo, de caracter\u00edsticas no formales, que por medio de una educaci\u00f3n integral e innovadora y de calidad, forme a personas l\u00edderes capaces de dialogar, encontrar satisfacci\u00f3n en una vida plural justa, y en concordancia con la naturaleza\u201d.<\/p>\n\n\n\n<p>Agreg\u00f3 que esta instituci\u00f3n buscar\u00e1 \u201cque todos sepan admirar y reconocer la inmensidad ambiental que cubre la provincia de Misiones, nuestra riqueza en biodiversidad, y el gran valor que eso implica para nuestras vidas y todo el ecosistema; y a partir de ah\u00ed enriquecer, paso a paso, nuestra conciencia ecol\u00f3gica\u201d.<\/p>\n\n\n\n<p>\u201cEsta ley propiciar\u00e1 una pr\u00e1ctica educativa extraordinaria abierta a la vida social, para que todos nuestros habitantes misioneros participan solidariamente en el accionar, y as\u00ed contribuir a las relaciones de la humanidad y la biodiversidad\u201d, manifest\u00f3 Bandera.<\/p>\n\n\n\n<p><strong>Desarrollo sostenible<\/strong><\/p>\n\n\n\n<p>El Parlamento misionero estableci\u00f3 por ley la promoci\u00f3n y concientizaci\u00f3n de los Objetivos de Desarrollo Sostenible acordados por los estados que forman parte de la Organizaci\u00f3n de las Naciones Unidas (ONU), destinados a quienes desempe\u00f1en funciones estatales.<\/p>\n\n\n\n<p>Con la norma sancionada se busca contribuir a la implementaci\u00f3n y difusi\u00f3n de la Agenda 2030 de la ONU y dar a conocer a la comunidad las metas globales sugeridas por la organizaci\u00f3n internacional.<\/p>\n\n\n\n<p>Tambi\u00e9n, fortalecer las acciones de vinculaci\u00f3n y cooperaci\u00f3n que permitan la localizaci\u00f3n y adaptaci\u00f3n de esos objetivos a la realidad provincial; y abordar con eficacia los desaf\u00edos y compromisos asumidos por la provincia, a trav\u00e9s de nuevos enfoques integradores; entre otros.<\/p>\n\n\n\n<p>En la normativa, adem\u00e1s, se establece la adhesi\u00f3n de Misiones a la Ley Nacional 27.592.<\/p>\n\n\n\n<p>La decisi\u00f3n legislativa surgi\u00f3 de sendos proyectos presentados por los diputados Yamila Ruiz, Ver\u00f3nica Bezus, Ariel Pianesi, Mart\u00edn Sereno, H\u00e9ctor Pereyra Pigerl, Blanca Ester \u00c1lvez y Roxana Vel\u00e1zquez Larraburu, y por los ex legisladores Jorge Petersen, In\u00e9s Minder, Giuliana Perini, Gustavo Gonz\u00e1lez.<\/p>\n\n\n\n<p>En los fundamentos, Ruiz explic\u00f3 que los temas centrales \u201cgiran en torno a estos objetivos y metas se centran en erradicar la pobreza y el hambre; garantizar una vida sana y una educaci\u00f3n de calidad; lograr la igualdad de g\u00e9nero; asegurar el acceso al agua y la energ\u00eda sustentable; promover el crecimiento econ\u00f3mico sostenido y el pleno empleo con trabajo decente; la construcci\u00f3n de infraestructuras resilientes, innovadoras e inclusivas\u201d. Y tambi\u00e9n a la \u201creducci\u00f3n de las desigualdades; lograr ciudades inclusivas y sostenibles; fomentar modalidades de consumo y producci\u00f3n sostenibles; adopci\u00f3n de medidas contra el cambio clim\u00e1tico; conservaci\u00f3n y uso sostenible del recurso marino y bosques; promover la paz; facilitar el acceso a la justicia y fortalecer una alianza mundial para el desarrollo sostenible\u201d.<\/p>\n\n\n\n<p>Pianesi, en tanto, destac\u00f3 en los fundamentos, \u201cla importancia del fomento de una vida sustentable y el derecho que tienen los habitantes a recibir educaci\u00f3n ambiental y a la utilizaci\u00f3n de instrumentos de participaci\u00f3n ciudadana que posibiliten el mejoramiento de sus condiciones de vida\u201d.<\/p>\n\n\n\n<p>Y Sereno manifest\u00f3 en su iniciativa que \u201cel Estado posee la responsabilidad de garantizar los m\u00e1s elevados niveles de conciencia de todas las personas que se desempe\u00f1en en la funci\u00f3n p\u00fablica en todos sus niveles y jerarqu\u00edas en los poderes Ejecutivo, Legislativo y Judicial\u201d.<\/p>\n\n\n\n<p>Pereyra Pigerl y \u00c1lvez, en los fundamentos de sus proyectos, se refirieron a la Ley Nacional 27.592, conocida como \u201cLey Yolanda\u201d, por Yolanda Ortiz, primera secretaria de Recursos Naturales y Ambiente Humano de Argentina y de Am\u00e9rica Latina.<\/p>\n\n\n\n<p>En la sesi\u00f3n, Ruiz dijo, \u00ablos ODS son un plan internacional establecido por la ONU bajo el t\u00edtulo, Transformar al mundo \u2013 agenda 2030 para el desarrollo sostenible, al cual adherimos como pa\u00eds y provincia\u201d.<\/p>\n\n\n\n<p>Adem\u00e1s, Ruiz manifest\u00f3 que, \u201cson 17 objetivos que tienen metas e indicadores, pero a grandes rasgos, se dividen en tres dimensiones: social, ambiental y econ\u00f3mica, estos objetivos buscan lograr que como sociedad podamos alcanzar el desarrollo sostenible\u201d.<\/p>\n\n\n\n<p>Bezus, por su parte, se\u00f1al\u00f3 que \u201clos diecisiete objetivos de desarrollo sostenible se encuentran vinculados e integrados entre s\u00ed, ya que las intervenciones en un \u00e1rea afectar\u00e1n los resultados de otras y que el desarrollo debe equilibrar la sostenibilidad medioambiental, econ\u00f3mica y social\u201d.<\/p>\n\n\n\n<p>Vel\u00e1zquez Larraburu indic\u00f3 que esta normativa \u201ctiende a alcanzar una ciudadan\u00eda responsable, seria, cr\u00edtica y capaz de identificar problemas ambientales de acuerdo con el entendimiento de la informaci\u00f3n t\u00e9cnica que se le proporcione, y actuar en consecuencia; creo que el proyecto apunta a una ciudadan\u00eda cr\u00edtica, responsable y solidaria con el fin de mejorar la calidad de vida de las personas\u201d.<\/p>\n\n\n\n<p><strong>Donaciones<\/strong><\/p>\n\n\n\n<p>Por iniciativa del diputado Hugo Passalacqua, la Legislatura don\u00f3 a la Fundaci\u00f3n San Ram\u00f3n inmuebles propiedad de la provincia.<\/p>\n\n\n\n<p>El legislador explic\u00f3 que esa fundaci\u00f3n \u201cviene trabajando durante todos estos a\u00f1os diversas tem\u00e1ticas con la comunidad como por ejemplo las capacitaciones en oficios, cursos de idiomas, inform\u00e1tica, secretariados y talleres de artes\u201d.<\/p>\n\n\n\n<p>Antes de la votaci\u00f3n, el diputado dijo: \u201ces un proyecto que, en t\u00e9rminos t\u00e9cnicos, es una donaci\u00f3n y podr\u00edamos resumirlo en t\u00e9rminos de n\u00fameros catastrales y ya est\u00e1, pero me parece que hay much\u00edsimo m\u00e1s atr\u00e1s, m\u00e1s en profundidad, que merece ser rescatado\u201d.<\/p>\n\n\n\n<p>\u201cSon 20 a\u00f1os que la Fundaci\u00f3n San Ram\u00f3n viene desarrollando en el barrio San Lorenzo, de Posadas, una tarea magn\u00edfica; es una oda al compromiso social y a la tenacidad; la tenacidad de ellos y suya se\u00f1or presidente, esto nace porque usted estimul\u00f3 y foment\u00f3\u201d.<\/p>\n\n\n\n<p>Agreg\u00f3 Passalacqua que, \u201cesta ser\u00eda una oda, un canto y un est\u00edmulo a las fundaciones, demostrando que, si uno tiene la voluntad y hay una conducci\u00f3n pol\u00edtica que impulsa eso, y que, durante tantos a\u00f1os protege y no suelta la mano y empuja, la cosas son posibles\u201d.<\/p>\n\n\n\n<p>La C\u00e1mara de Representantes tambi\u00e9n desafect\u00f3 de la condici\u00f3n de reserva fiscal y don\u00f3 a la Municipalidad de Posadas otro inmueble propiedad de la provincia.<\/p>\n\n\n\n<p>La diputada Adriana Bezus, autora del proyecto, manifest\u00f3 que impuls\u00f3 la decisi\u00f3n a partir de una petici\u00f3n realizada por el Departamento Ejecutivo Municipal, con el objetivo de que \u201cse pueda concretar la regularizaci\u00f3n del dominio de los ocupantes hist\u00f3ricos del predio\u201d.<\/p>\n\n\n\n<p>La legisladora rese\u00f1\u00f3 que, \u201cson familias que hace m\u00e1s de cuarenta a\u00f1os se asentaron en el lugar y que muchos ya son la segunda generaci\u00f3n de esos primeros habitantes que se asentaron en ese predio\u201d.<\/p>\n\n\n\n<p><strong>Declaraciones<\/strong><\/p>\n\n\n\n<p>La Legislatura declar\u00f3 Patrimonio Hist\u00f3rico y Cultural a las Ruinas de la Iglesia de Nuestra Se\u00f1ora de la Candelaria, por iniciativa del diputado Carlos Rovira.<\/p>\n\n\n\n<p>En los fundamentos del proyecto, el legislador detall\u00f3 que ese lugar \u201cfue uno de los quince pueblos fundados en territorio argentino, y se estableci\u00f3 como capital de las Misiones, funcionando, as\u00ed como asiento de su director, el padre superior de las Misiones\u201d.<\/p>\n\n\n\n<p>En el recinto, como miembro informante de la comisi\u00f3n, la diputada Sonia Rojas Decut dijo que, \u201ces un aporte trascendental para el desarrollo cultural de nuestra provincia: sin duda el gran legado de los jesuitas ha sido su obra evangelizadora, y su esp\u00edritu se encuentra presente en los diversos estilos arquitect\u00f3nicos\u201d.<\/p>\n\n\n\n<p>\u201cEl rescate, la revalorizaci\u00f3n y la preservaci\u00f3n de las ruinas de la Iglesia representan un valor cultural e hist\u00f3rico \u00fanico para los misioneros, ya que es una forma m\u00e1s para nosotros de afianzar nuestras ra\u00edces y nuestra identidad misionera; sabemos que este noble pueblo sabe muy bien hacia d\u00f3nde va, pero lo hizo y lo har\u00e1 siempre recordando de d\u00f3nde viene, abrazando y respetando sus ra\u00edces\u201d, expres\u00f3 Rojas Decut.<\/p>\n\n\n\n<p>Por otra parte, gracias a proyectos presentados por los diputados Carlos Rovira y H\u00e9ctor Pereyra Pigerl, el Parlamento misionero declar\u00f3 Monumento Natural Provincial y de Inter\u00e9s P\u00fablico a la especie Caray\u00e1 Negro y Dorado, con la finalidad de lograr su preservaci\u00f3n, conservaci\u00f3n, reproducci\u00f3n, y de evitar su extinci\u00f3n; y tambi\u00e9n se efectu\u00f3 modificaciones legislativas para actualizar la denominaci\u00f3n, corregir los est\u00e1ndares de protecci\u00f3n, y jerarquizar a todos los monumentos protegidos de la fauna misionera, entre los que se incluye al mono aullador rojo.<\/p>\n\n\n\n<p>En los fundamentos de su propuesta, Rovira resalt\u00f3 las pol\u00edticas de cuidado y conservaci\u00f3n de la biodiversidad que permanentemente promueve el Gobierno de la provincia y argumenta en los fundamentos que, \u201cel caray\u00e1 rojo o mono aullador rojo (Alouatta guariba), una especie end\u00e9mica del Bosque Atl\u00e1ntico que se extiende entre Argentina y Brasil, fue incluido entre los 25 primates m\u00e1s amenazados del mundo, en una lista que publican cada dos a\u00f1os la Uni\u00f3n Internacional para la Conservaci\u00f3n de la Naturaleza (IUCN) y la Sociedad Internacional de Primatolog\u00eda (IPS)\u201d.<\/p>\n\n\n\n<p>\u201cEs la primera vez que un primate que habita en Argentina aparece en el listado, titulado Primates en Peligro, que se confecciona con el objetivo de generar un llamado de atenci\u00f3n a los organismos gubernamentales para que tomen medidas ante la inminente extinci\u00f3n de las especies incluidas\u201d, explica el legislador en los fundamentos.<\/p>\n\n\n\n<p>Por su parte, Pereyra Pigerl precis\u00f3 en la sesi\u00f3n que, \u201cel mayor riesgo que tenemos es el \u2018mascotismo\u2019 y queremos evitar esta pr\u00e1ctica en Misiones, porque los primates son importantes en un ecosistema fuerte, es por eso que necesitamos y queremos la jerarquizaci\u00f3n de las especies\u201d.<\/p>\n","protected":false},"excerpt":{"rendered":"<p>En otras leyes aprobadas en su sesi&oacute;n semanal, asimismo estableci&oacute; la promoci&oacute;n y concientizaci&oacute;n respecto de los objetivos de desarrollo sostenible acordados por los estados integrantes de la Organizaci&oacute;n de&hellip; <\/p>\n","protected":false},"author":3,"featured_media":1719,"comment_status":"closed","ping_status":"open","sticky":false,"template":"","format":"standard","meta":{"_monsterinsights_skip_tracking":false,"_monsterinsights_sitenote_active":false,"_monsterinsights_sitenote_note":"","_monsterinsights_sitenote_category":0},"categories":[3],"tags":[7],"aioseo_notices":[],"_links":{"self":[{"href":"https:\/\/radionewsmisiones.ar\/site\/wp-json\/wp\/v2\/posts\/1717"}],"collection":[{"href":"https:\/\/radionewsmisiones.ar\/site\/wp-json\/wp\/v2\/posts"}],"about":[{"href":"https:\/\/radionewsmisiones.ar\/site\/wp-json\/wp\/v2\/types\/post"}],"author":[{"embeddable":true,"href":"https:\/\/radionewsmisiones.ar\/site\/wp-json\/wp\/v2\/users\/3"}],"replies":[{"embeddable":true,"href":"https:\/\/radionewsmisiones.ar\/site\/wp-json\/wp\/v2\/comments?post=1717"}],"version-history":[{"count":1,"href":"https:\/\/radionewsmisiones.ar\/site\/wp-json\/wp\/v2\/posts\/1717\/revisions"}],"predecessor-version":[{"id":1720,"href":"https:\/\/radionewsmisiones.ar\/site\/wp-json\/wp\/v2\/posts\/1717\/revisions\/1720"}],"wp:featuredmedia":[{"embeddable":true,"href":"https:\/\/radionewsmisiones.ar\/site\/wp-json\/wp\/v2\/media\/1719"}],"wp:attachment":[{"href":"https:\/\/radionewsmisiones.ar\/site\/wp-json\/wp\/v2\/media?parent=1717"}],"wp:term":[{"taxonomy":"category","embeddable":true,"href":"https:\/\/radionewsmisiones.ar\/site\/wp-json\/wp\/v2\/categories?post=1717"},{"taxonomy":"post_tag","embeddable":true,"href":"https:\/\/radionewsmisiones.ar\/site\/wp-json\/wp\/v2\/tags?post=1717"}],"curies":[{"name":"wp","href":"https:\/\/api.w.org\/{rel}","templated":true}]}}