{"id":1763,"date":"2022-09-13T09:25:09","date_gmt":"2022-09-13T12:25:09","guid":{"rendered":"https:\/\/radionewsmisiones.ar\/site\/?p=1763"},"modified":"2022-09-13T09:25:13","modified_gmt":"2022-09-13T12:25:13","slug":"historica-capacitacion-en-ley-micaela-para-personas-sordas-e-hipoacusicas","status":"publish","type":"post","link":"https:\/\/radionewsmisiones.ar\/site\/provinciales\/historica-capacitacion-en-ley-micaela-para-personas-sordas-e-hipoacusicas\/","title":{"rendered":"Hist\u00f3rica capacitaci\u00f3n en Ley Micaela para personas sordas e hipoac\u00fasicas"},"content":{"rendered":"\n<p>En el Sal\u00f3n Dos Constituciones de la C\u00e1mara de Representantes de Misiones, el equipo del Ministerio de Trabajo, junto al IPEC, Poder Judicial y la Fundaci\u00f3n \u00d1ande Reko Ha, dictaron la capacitaci\u00f3n en Ley Micaela dirigida a la comunidad sorda e hipoac\u00fasica.<\/p>\n\n\n\n<figure class=\"wp-block-image size-full\"><img loading=\"lazy\" width=\"1024\" height=\"768\" src=\"https:\/\/radionewsmisiones.ar\/site\/wp-content\/uploads\/2022\/09\/306543887_8807383875954243_3214659092229406691_n.jpg\" alt=\"\" class=\"wp-image-1764\" srcset=\"https:\/\/radionewsmisiones.ar\/site\/wp-content\/uploads\/2022\/09\/306543887_8807383875954243_3214659092229406691_n.jpg 1024w, https:\/\/radionewsmisiones.ar\/site\/wp-content\/uploads\/2022\/09\/306543887_8807383875954243_3214659092229406691_n-300x225.jpg 300w, https:\/\/radionewsmisiones.ar\/site\/wp-content\/uploads\/2022\/09\/306543887_8807383875954243_3214659092229406691_n-768x576.jpg 768w\" sizes=\"(max-width: 1024px) 100vw, 1024px\" \/><\/figure>\n\n\n\n<p>La capacitaci\u00f3n estuvo enmarcada en un enfoque interdisciplinario, con el objetivo transmitir herramientas, que cuestionen la desigualdad y la discriminaci\u00f3n contra las mujeres y personas de la comunidad LGBTIQ+, para transformar las pr\u00e1cticas cotidianas y concretas en los estratos de los tres poderes del Estado.<\/p>\n\n\n\n<p>Participaron de la apertura la ministra de Trabajo y Empleo, Silvana Gim\u00e9nez; la diputada Silvia Rojas, presidenta de la Comisi\u00f3n de Ni\u00f1ez, G\u00e9nero, Familia, Juventud, Discapacidad y Personas Mayores; Fabian Oud\u00edn, secretario de Acceso a la Justicia y la presidenta de la Fundaci\u00f3n \u00d1ande Reko Ha, Laura Rodr\u00edguez.<\/p>\n\n\n\n<p>Durante su intervenci\u00f3n, la ministra Gim\u00e9nez destac\u00f3 las pol\u00edticas p\u00fablicas inclusivas del Gobierno Provincia para garantizar los derechos, generar puestos de empleo y crear una sociedad m\u00e1s justa e igualitaria.<\/p>\n\n\n\n<p>En este sentido, la ministra destac\u00f3 el programa Construyendo con Innovaci\u00f3n e Inclusi\u00f3n, donde 27 personas sordas tienen empleo en el sector de la construcci\u00f3n.<\/p>\n\n\n\n<p>Por su parte, la diputada Silvia Rojas celebr\u00f3 esta capacitaci\u00f3n, siendo el puntapi\u00e9 inicial para el desarrollo de esta modalidad en toda la provincia. Adem\u00e1s, cont\u00f3 que la C\u00e1mara de Representantes se encuentra trabajando en un dictamen que establece a la Lengua de Se\u00f1as Argentina como Lengua Natural de las personas sordas.<\/p>\n\n\n\n<p>La presidenta de \u00d1andar\u00e9 Reko Ha, Laura Rodr\u00edguez, destac\u00f3 el compromiso del equipo del Observatorio de Violencia Laboral a la hora de modificar y adaptar los contenidos de la capacitaci\u00f3n, en un trabajo conjunto con los int\u00e9rpretes.<\/p>\n\n\n\n<p>Por otro lado, el Dr. Fabian Oudin hizo hincapi\u00e9 en la labor conjunta que llevan adelante los tres poderes del Estado en la erradicaci\u00f3n de la violencia contra las mujeres y el colectivo LGBTIQ+.<\/p>\n","protected":false},"excerpt":{"rendered":"<p>En el Sal&oacute;n Dos Constituciones de la C&aacute;mara de Representantes de Misiones, el equipo del Ministerio de Trabajo, junto al IPEC, Poder Judicial y la Fundaci&oacute;n &Ntilde;ande Reko Ha, dictaron&hellip; <\/p>\n","protected":false},"author":3,"featured_media":1765,"comment_status":"closed","ping_status":"open","sticky":false,"template":"","format":"standard","meta":{"_monsterinsights_skip_tracking":false,"_monsterinsights_sitenote_active":false,"_monsterinsights_sitenote_note":"","_monsterinsights_sitenote_category":0},"categories":[3],"tags":[7],"aioseo_notices":[],"_links":{"self":[{"href":"https:\/\/radionewsmisiones.ar\/site\/wp-json\/wp\/v2\/posts\/1763"}],"collection":[{"href":"https:\/\/radionewsmisiones.ar\/site\/wp-json\/wp\/v2\/posts"}],"about":[{"href":"https:\/\/radionewsmisiones.ar\/site\/wp-json\/wp\/v2\/types\/post"}],"author":[{"embeddable":true,"href":"https:\/\/radionewsmisiones.ar\/site\/wp-json\/wp\/v2\/users\/3"}],"replies":[{"embeddable":true,"href":"https:\/\/radionewsmisiones.ar\/site\/wp-json\/wp\/v2\/comments?post=1763"}],"version-history":[{"count":1,"href":"https:\/\/radionewsmisiones.ar\/site\/wp-json\/wp\/v2\/posts\/1763\/revisions"}],"predecessor-version":[{"id":1766,"href":"https:\/\/radionewsmisiones.ar\/site\/wp-json\/wp\/v2\/posts\/1763\/revisions\/1766"}],"wp:featuredmedia":[{"embeddable":true,"href":"https:\/\/radionewsmisiones.ar\/site\/wp-json\/wp\/v2\/media\/1765"}],"wp:attachment":[{"href":"https:\/\/radionewsmisiones.ar\/site\/wp-json\/wp\/v2\/media?parent=1763"}],"wp:term":[{"taxonomy":"category","embeddable":true,"href":"https:\/\/radionewsmisiones.ar\/site\/wp-json\/wp\/v2\/categories?post=1763"},{"taxonomy":"post_tag","embeddable":true,"href":"https:\/\/radionewsmisiones.ar\/site\/wp-json\/wp\/v2\/tags?post=1763"}],"curies":[{"name":"wp","href":"https:\/\/api.w.org\/{rel}","templated":true}]}}