{"id":1767,"date":"2022-09-13T09:58:13","date_gmt":"2022-09-13T12:58:13","guid":{"rendered":"https:\/\/radionewsmisiones.ar\/site\/?p=1767"},"modified":"2022-09-13T09:58:18","modified_gmt":"2022-09-13T12:58:18","slug":"estan-abiertas-las-inscripciones-para-el-5-congreso-internacional-de-flipped-learning","status":"publish","type":"post","link":"https:\/\/radionewsmisiones.ar\/site\/provinciales\/estan-abiertas-las-inscripciones-para-el-5-congreso-internacional-de-flipped-learning\/","title":{"rendered":"Est\u00e1n abiertas las inscripciones para el 5\u00b0 congreso internacional de Flipped Learning"},"content":{"rendered":"\n<p>El evento se llevar\u00e1 adelante el 20 de octubre a trav\u00e9s de la Plataforma Guacurar\u00ed, con profesionales e invitados de prestigio internacional. El ministro de Educaci\u00f3n, Miguel Sedoff, resalt\u00f3 que el lema de la edici\u00f3n 2022 es \u201cRedise\u00f1ar una escuela convocante y desafiante\u201d.<\/p>\n\n\n\n<figure class=\"wp-block-image size-large\"><img loading=\"lazy\" width=\"1024\" height=\"1024\" src=\"https:\/\/radionewsmisiones.ar\/site\/wp-content\/uploads\/2022\/09\/1-4-1024x1024.jpeg\" alt=\"\" class=\"wp-image-1768\" srcset=\"https:\/\/radionewsmisiones.ar\/site\/wp-content\/uploads\/2022\/09\/1-4-1024x1024.jpeg 1024w, https:\/\/radionewsmisiones.ar\/site\/wp-content\/uploads\/2022\/09\/1-4-300x300.jpeg 300w, https:\/\/radionewsmisiones.ar\/site\/wp-content\/uploads\/2022\/09\/1-4-150x150.jpeg 150w, https:\/\/radionewsmisiones.ar\/site\/wp-content\/uploads\/2022\/09\/1-4-768x768.jpeg 768w, https:\/\/radionewsmisiones.ar\/site\/wp-content\/uploads\/2022\/09\/1-4.jpeg 1080w\" sizes=\"(max-width: 1024px) 100vw, 1024px\" \/><\/figure>\n\n\n\n<p>A partir del 12 de septiembre ya est\u00e1n abiertas las inscripciones. El evento se realizar\u00e1 solo de forma virtual y la participaci\u00f3n en el mismo es totalmente gratuita. Quienes est\u00e9n en los grupos de Zoom recibir\u00e1n certificados por su participaci\u00f3n, y quienes no puedan asistir podr\u00e1n ver todas las charlas puesto que se transmitir\u00e1 en vivo y quedar\u00e1 grabado y disponible en el canal de Youtube de Plataforma Guacurar\u00ed.<\/p>\n\n\n\n<p>No se computar\u00e1 la inasistencia de los docentes de la provincia que participen del evento, puesto que es una jornada de capacitaci\u00f3n. Previo a la fecha del congreso habr\u00e1 material exclusivo disponible en Plataforma, adem\u00e1s de una recopilaci\u00f3n de materiales y charlas de las ediciones previas del evento.<\/p>\n\n\n\n<p>El evento cuenta con cupos limitados. La inscripci\u00f3n al mismo se realiza a trav\u00e9s del siguiente link, donde tambi\u00e9n se pueden encontrar m\u00e1s datos de la jornada: <a href=\"https:\/\/congresoguacurari.misiones.gob.ar\/\" target=\"_blank\" rel=\"noreferrer noopener\">https:\/\/congresoguacurari.misiones.gob.ar\/<\/a><\/p>\n\n\n\n<p>Debido a la alta demanda, es posible que la p\u00e1gina tarde en contestar. En ese caso se recomienda probar ingresar en otro momento del d\u00eda.<\/p>\n","protected":false},"excerpt":{"rendered":"<p>El evento se llevar&aacute; adelante el 20 de octubre a trav&eacute;s de la Plataforma Guacurar&iacute;, con profesionales e invitados de prestigio internacional. El ministro de Educaci&oacute;n, Miguel Sedoff, resalt&oacute; que&hellip; <\/p>\n","protected":false},"author":3,"featured_media":1770,"comment_status":"closed","ping_status":"open","sticky":false,"template":"","format":"standard","meta":{"_monsterinsights_skip_tracking":false,"_monsterinsights_sitenote_active":false,"_monsterinsights_sitenote_note":"","_monsterinsights_sitenote_category":0},"categories":[3],"tags":[26],"aioseo_notices":[],"_links":{"self":[{"href":"https:\/\/radionewsmisiones.ar\/site\/wp-json\/wp\/v2\/posts\/1767"}],"collection":[{"href":"https:\/\/radionewsmisiones.ar\/site\/wp-json\/wp\/v2\/posts"}],"about":[{"href":"https:\/\/radionewsmisiones.ar\/site\/wp-json\/wp\/v2\/types\/post"}],"author":[{"embeddable":true,"href":"https:\/\/radionewsmisiones.ar\/site\/wp-json\/wp\/v2\/users\/3"}],"replies":[{"embeddable":true,"href":"https:\/\/radionewsmisiones.ar\/site\/wp-json\/wp\/v2\/comments?post=1767"}],"version-history":[{"count":1,"href":"https:\/\/radionewsmisiones.ar\/site\/wp-json\/wp\/v2\/posts\/1767\/revisions"}],"predecessor-version":[{"id":1771,"href":"https:\/\/radionewsmisiones.ar\/site\/wp-json\/wp\/v2\/posts\/1767\/revisions\/1771"}],"wp:featuredmedia":[{"embeddable":true,"href":"https:\/\/radionewsmisiones.ar\/site\/wp-json\/wp\/v2\/media\/1770"}],"wp:attachment":[{"href":"https:\/\/radionewsmisiones.ar\/site\/wp-json\/wp\/v2\/media?parent=1767"}],"wp:term":[{"taxonomy":"category","embeddable":true,"href":"https:\/\/radionewsmisiones.ar\/site\/wp-json\/wp\/v2\/categories?post=1767"},{"taxonomy":"post_tag","embeddable":true,"href":"https:\/\/radionewsmisiones.ar\/site\/wp-json\/wp\/v2\/tags?post=1767"}],"curies":[{"name":"wp","href":"https:\/\/api.w.org\/{rel}","templated":true}]}}