{"id":1774,"date":"2022-09-13T19:50:06","date_gmt":"2022-09-13T22:50:06","guid":{"rendered":"https:\/\/radionewsmisiones.ar\/site\/?p=1774"},"modified":"2022-09-13T19:50:10","modified_gmt":"2022-09-13T22:50:10","slug":"nuevo-taller-el-juego-como-herramienta-para-la-diversificacion-de-aprendizajes","status":"publish","type":"post","link":"https:\/\/radionewsmisiones.ar\/site\/provinciales\/nuevo-taller-el-juego-como-herramienta-para-la-diversificacion-de-aprendizajes\/","title":{"rendered":"Nuevo taller: El juego como herramienta para la diversificaci\u00f3n de aprendizajes"},"content":{"rendered":"\n<p>Los primeros a\u00f1os de vida son los m\u00e1s importantes para el crecimiento de ni\u00f1as y ni\u00f1os. Por ello, desde la Secretar\u00eda de Salud y Desarrollo Humano se definen diversas estrategias para acompa\u00f1ar y fortalecer el cuidado y la educaci\u00f3n destinadas a chicos de 6 a 12 a\u00f1os. En ese marco, comenzar\u00e1 el taller \u201cAprendemos jugando\u201d.<\/p>\n\n\n\n<p>La actividad estar\u00e1 a cargo de la profesora Maira Rodr\u00edguez que expondr\u00e1 sus conocimientos y experiencias en torno a la diversificaci\u00f3n de aprendizajes mediante el juego.<\/p>\n\n\n\n<figure class=\"wp-block-image size-large\"><img loading=\"lazy\" width=\"1024\" height=\"1024\" src=\"https:\/\/radionewsmisiones.ar\/site\/wp-content\/uploads\/2022\/09\/WhatsApp-Image-2022-09-13-at-18.29.18-1024x1024.jpeg\" alt=\"\" class=\"wp-image-1776\" srcset=\"https:\/\/radionewsmisiones.ar\/site\/wp-content\/uploads\/2022\/09\/WhatsApp-Image-2022-09-13-at-18.29.18-1024x1024.jpeg 1024w, https:\/\/radionewsmisiones.ar\/site\/wp-content\/uploads\/2022\/09\/WhatsApp-Image-2022-09-13-at-18.29.18-300x300.jpeg 300w, https:\/\/radionewsmisiones.ar\/site\/wp-content\/uploads\/2022\/09\/WhatsApp-Image-2022-09-13-at-18.29.18-150x150.jpeg 150w, https:\/\/radionewsmisiones.ar\/site\/wp-content\/uploads\/2022\/09\/WhatsApp-Image-2022-09-13-at-18.29.18-768x767.jpeg 768w, https:\/\/radionewsmisiones.ar\/site\/wp-content\/uploads\/2022\/09\/WhatsApp-Image-2022-09-13-at-18.29.18.jpeg 1280w\" sizes=\"(max-width: 1024px) 100vw, 1024px\" \/><\/figure>\n\n\n\n<p>\u201cSe trata de juegos recreativos, sociodram\u00e1ticos, de mesa y de patio, que estar\u00e1n destinados para chicos de 6 a 12 a\u00f1os de edad, con y sin discapacidad. La iniciativa ser\u00e1 abierta\u201d, precis\u00f3 el Director de Educaci\u00f3n Inclusiva, Emilio Salvador.<\/p>\n\n\n\n<p>Esta propuesta se desarrollar\u00e1 los mi\u00e9rcoles en el Jard\u00edn Maternal \u201cEmilio Gottschalk\u201d, localizado sobre calle San Mart\u00edn 2268 casi Jun\u00edn. Las clases se dividir\u00e1n en dos grupos: de 16:00 a 17:00 hs para ni\u00f1os de 6 a 8 a\u00f1os, y de 17:00 a 18:00 hs para chicos de 9 a 12 a\u00f1os.<\/p>\n\n\n\n<p>Los interesados deber\u00e1n enviar el nombre y apellido tanto del participante como del tutor y un n\u00famero de contacto al correo electr\u00f3nico: educacioninclusivaposadas@gmail.com o bien al instagram: educacioninclusiva.posadas. Vale aclarar que los cupos son limitados.<\/p>\n\n\n\n<p>Los primeros a\u00f1os de vida son los m\u00e1s importantes para el crecimiento de ni\u00f1as y ni\u00f1os. Por ello, desde la Secretar\u00eda de Salud y Desarrollo Humano se definen diversas estrategias para acompa\u00f1ar y fortalecer el cuidado y la educaci\u00f3n destinadas a chicos de 6 a 12 a\u00f1os. En ese marco, comenzar\u00e1 el taller \u201cAprendemos jugando\u201d.<\/p>\n\n\n\n<p>Los interesados deber\u00e1n enviar el nombre y apellido tanto del participante como del tutor y un n\u00famero de contacto al correo electr\u00f3nico: educacioninclusivaposadas@gmail.com o bien al instagram: educacioninclusiva.posadas. Vale aclarar que los cupos son limitados.<\/p>\n","protected":false},"excerpt":{"rendered":"<p>Los primeros a&ntilde;os de vida son los m&aacute;s importantes para el crecimiento de ni&ntilde;as y ni&ntilde;os. Por ello, desde la Secretar&iacute;a de Salud y Desarrollo Humano se definen diversas estrategias&hellip; <\/p>\n","protected":false},"author":3,"featured_media":1775,"comment_status":"closed","ping_status":"open","sticky":false,"template":"","format":"standard","meta":{"_monsterinsights_skip_tracking":false,"_monsterinsights_sitenote_active":false,"_monsterinsights_sitenote_note":"","_monsterinsights_sitenote_category":0},"categories":[3],"tags":[22],"aioseo_notices":[],"_links":{"self":[{"href":"https:\/\/radionewsmisiones.ar\/site\/wp-json\/wp\/v2\/posts\/1774"}],"collection":[{"href":"https:\/\/radionewsmisiones.ar\/site\/wp-json\/wp\/v2\/posts"}],"about":[{"href":"https:\/\/radionewsmisiones.ar\/site\/wp-json\/wp\/v2\/types\/post"}],"author":[{"embeddable":true,"href":"https:\/\/radionewsmisiones.ar\/site\/wp-json\/wp\/v2\/users\/3"}],"replies":[{"embeddable":true,"href":"https:\/\/radionewsmisiones.ar\/site\/wp-json\/wp\/v2\/comments?post=1774"}],"version-history":[{"count":1,"href":"https:\/\/radionewsmisiones.ar\/site\/wp-json\/wp\/v2\/posts\/1774\/revisions"}],"predecessor-version":[{"id":1777,"href":"https:\/\/radionewsmisiones.ar\/site\/wp-json\/wp\/v2\/posts\/1774\/revisions\/1777"}],"wp:featuredmedia":[{"embeddable":true,"href":"https:\/\/radionewsmisiones.ar\/site\/wp-json\/wp\/v2\/media\/1775"}],"wp:attachment":[{"href":"https:\/\/radionewsmisiones.ar\/site\/wp-json\/wp\/v2\/media?parent=1774"}],"wp:term":[{"taxonomy":"category","embeddable":true,"href":"https:\/\/radionewsmisiones.ar\/site\/wp-json\/wp\/v2\/categories?post=1774"},{"taxonomy":"post_tag","embeddable":true,"href":"https:\/\/radionewsmisiones.ar\/site\/wp-json\/wp\/v2\/tags?post=1774"}],"curies":[{"name":"wp","href":"https:\/\/api.w.org\/{rel}","templated":true}]}}