{"id":1778,"date":"2022-09-13T19:52:15","date_gmt":"2022-09-13T22:52:15","guid":{"rendered":"https:\/\/radionewsmisiones.ar\/site\/?p=1778"},"modified":"2022-09-13T19:52:19","modified_gmt":"2022-09-13T22:52:19","slug":"juegos-culturales-evita-2022-construyendo-diversidad-lejos-de-la-competencia","status":"publish","type":"post","link":"https:\/\/radionewsmisiones.ar\/site\/provinciales\/juegos-culturales-evita-2022-construyendo-diversidad-lejos-de-la-competencia\/","title":{"rendered":"Juegos Culturales Evita 2022: Construyendo Diversidad, lejos de la competencia"},"content":{"rendered":"\n<p>Con rotundo \u00e9xito se desarrollaron los tradicionales Juegos Culturales Evita en su edici\u00f3n 2022 de la instancia departamental Posadas. El Paseo La Terminal fue el epicentro de las actividades que tuvieron lugar el lunes por la tarde con una amplia convocatoria y entusiasmo por parte del p\u00fablico.<\/p>\n\n\n\n<figure class=\"wp-block-image size-full\"><img loading=\"lazy\" width=\"750\" height=\"617\" src=\"https:\/\/radionewsmisiones.ar\/site\/wp-content\/uploads\/2022\/09\/WhatsApp-Image-2022-09-13-at-17.21.49.jpeg\" alt=\"\" class=\"wp-image-1780\" srcset=\"https:\/\/radionewsmisiones.ar\/site\/wp-content\/uploads\/2022\/09\/WhatsApp-Image-2022-09-13-at-17.21.49.jpeg 750w, https:\/\/radionewsmisiones.ar\/site\/wp-content\/uploads\/2022\/09\/WhatsApp-Image-2022-09-13-at-17.21.49-300x247.jpeg 300w\" sizes=\"(max-width: 750px) 100vw, 750px\" \/><\/figure>\n\n\n\n<p>Luego de esta etapa, los seleccionados de cada municipio participar\u00e1n en la instancia provincial el 30 de septiembre, a realizarse en el Centro Cultural Vicente Cidade y Espacio Flora de la capital misionera. Mientras que a fines de octubre llevar\u00e1 adelante la etapa nacional en Mar del Plata.<\/p>\n\n\n\n<p>La Secretaria de Cultura y Turismo, Bel\u00e9n Hern\u00e1ndez, manifest\u00f3: \u00abEstamos contentos por llevar a cabo este encuentro, donde disfrutamos y nos enriquecemos con el intercambio. No todo tiene que ver con la competencia, el hecho es encontrarnos entre todos, conocer al otro, compartir y disfrutar. Hoy todos son artistas, quienes en sus diferentes categor\u00edas y disciplinas van a estar buscando su lugar para la instancia provincial y despu\u00e9s porque no, para las nacionales\u00bb.<\/p>\n\n\n\n<p>Durante la jornada, desplegaron su arte un total de 78 participantes, distribuidos en 9 disciplinas: cuento, fotograf\u00eda, pintura\/dibujo, danza en pareja, canto solista, poes\u00eda, conjunto musical y videominuto. Las categor\u00edas que participaron fueron sub 15, sub 18, adultos mayores de 60 a\u00f1os, personas con discapacidad de 12 a 18 a\u00f1os y categor\u00eda \u00fanica.<\/p>\n\n\n\n<p>\u00abEstamos sorprendidos por la amplia convocatoria en esta 17\u00b0 edici\u00f3n de los Juegos Culturales Evita, reunidos en este lugar tan simb\u00f3lico como lo es el Paseo Cultural La Terminal. Vivimos una jornada muy cargada, donde resaltamos que no prim\u00f3 la competencia y demostramos lo que art\u00edsticamente sabemos hacer. Compartimos, disfrutamos y fomentamos el arte y la cultura en todos los puntos de la Ciudad\u00bb, agreg\u00f3 la Directora de Cultura, Gabriela Lara,<\/p>\n\n\n\n<p>A puro talento los participantes brillaron y dieron lo mejor de s\u00ed. Entre aplausos, coreograf\u00edas y felicitaciones todo transcurri\u00f3 en un clima sumamente agradable. Todo se desarroll\u00f3 en el marco de una presencialidad plena, a diferencia de las ediciones 2020 y 2021, en donde el programa se desarroll\u00f3 por primera vez en formato virtual a trav\u00e9s de una p\u00e1gina web,<br>producto de las condiciones impuestas por el avance de la pandemia por Covid-19.<\/p>\n\n\n\n<p>Bajo el lema \u201cConstruyendo Diversidad Cultural\u201d, fueron ponderadas aquellas obras que estuvieron asociadas a la participaci\u00f3n plural, la construcci\u00f3n colectiva de sentido y la promoci\u00f3n de los derechos e identidades culturales diversas.<\/p>\n\n\n\n<p>Los ganadores que pasaron a la instancia provincial fueron:<\/p>\n\n\n\n<p>\ud83d\udd39CATEGOR\u00cdA SUB 15<br>\u25aa\ufe0fCuento:<br>1\u00b0 Dayra Gunther.<\/p>\n\n\n\n<p>\u25aa\ufe0fFotograf\u00eda:<br>1\u00b0 Iv\u00e1n Volhof Marzana.<\/p>\n\n\n\n<p>\u25aa\ufe0fPintura\/Dibujo:<br>1\u00b0 Lautaro De Almeida.<br>2\u00b0 Ta\u00eds Gonz\u00e1lez.<br>3\u00b0 Alexis Lovera.<\/p>\n\n\n\n<p>\u25aa\ufe0fDanza en Pareja:<br>1\u00b0 Maia Aguirre y Lautaro Martel.<br>2\u00b0 Candela Aberastain y Josefina Soria.<\/p>\n\n\n\n<p>\u25aa\ufe0fCanto Solista:<br>1\u00b0 Valentina Xanders.<br>2\u00b0 Antonella Bernal Todaro.<br>3\u00b0 Eva Luna Zuetta Bader.<\/p>\n\n\n\n<p>\ud83d\udd39CATEGOR\u00cdA SUB 18<br>\u25aa\ufe0fPoes\u00eda:<br>1\u00b0 Jos\u00e9 Mar\u00eda \u00c1lvarez.<\/p>\n\n\n\n<p>\u25aa\ufe0fPintura\/Dibujo:<br>1\u00b0 Marcos Ruiz D\u00edaz.<\/p>\n\n\n\n<p>\u25aa\ufe0fDanza Pareja:<br>1\u00b0 Lautaro Rivas y Valentina Siegel.<br>2\u00b0 Dalma Roa y Emanuel Mart\u00ednez.<br>3\u00b0 Aymara De Le\u00f3n y Emanuel De Lima.<\/p>\n\n\n\n<p>\u25aa\ufe0fCanto Solista:<br>1\u00b0 Uriel Francalossi.<br>2\u00b0 Eliana Flecha.<\/p>\n\n\n\n<p>\u25aa\ufe0fVideominuto:<br>1\u00b0 Georgina Mill\u00e1n:<\/p>\n\n\n\n<p>\ud83d\udd39CATEGOR\u00cdA \u00daNICA<br>\u25aa\ufe0fDanza individual:<br>1\u00b0 Nina Maddiona Norfords.<br>2\u00b0 Oriana Sosa Batista.<br>3\u00b0 Ariadna Schmidt.<\/p>\n\n\n\n<p>\u25aa\ufe0fConjunto m\u00fasical:<br>1\u00b0 Andresito De Lima, Juana M\u00e1rquez, Luka Komers y Geshua V\u00e1zquez.<br>2\u00b0 Shirley Riveros Santos, Thomas Santino Machado, D\u00e1maris Rol\u00f3n Dom\u00ednguez y Brenda Ferreyra.<br>3\u00b0 Carla Cabral, Evelyn Ver\u00f3n.<\/p>\n\n\n\n<p>\ud83d\udd39ADULTOS MAYORES<br>\u25aa\ufe0fCuento:<br>1\u00b0 Itat\u00ed Ru\u00edz.<br>2\u00b0 Dora N. Mart\u00ednez.<br>3\u00b0 Jorge E. Blanco.<\/p>\n\n\n\n<p>\u25aa\ufe0fPoes\u00eda:<br>1\u00b0 Santiago J. Atencio.<br>2\u00b0 Rosa G. Sosa.<\/p>\n\n\n\n<p>\u25aa\ufe0fFotograf\u00eda:<br>1\u00b0 Aldo L. Gargantini.<\/p>\n\n\n\n<p>\u25aa\ufe0fPintura\/Dibujo:<br>1\u00b0 Alicia B. Venialgo.<br>2\u00b0 Pr\u00f3spero Medina.<\/p>\n\n\n\n<p>\u25aa\ufe0fDanza Pareja:<br>1\u00b0 Delfina Toledo y Osvaldo Rivero.<br>2\u00b0 Dora Salvaguot y Arsemio Gonz\u00e1lez.<\/p>\n\n\n\n<p>\u25aa\ufe0fCanto Solista:<br>1\u00b0 Carlos Alberto Roberts.<br>2\u00b0 Jorge Tristan Arzamendia.<\/p>\n\n\n\n<p>\ud83d\udd39PERSONAS CON DISCAPACIDAD<br>\u25aa\ufe0fFotograf\u00eda:<br>1\u00b0 Lucas N. L\u00f3pez.<br>2\u00b0 Julio I. G\u00f3mez.<\/p>\n\n\n\n<p>Desde hace 17 a\u00f1os, se llevan a cabo los Juegos Culturales Evita en el marco de las pol\u00edticas p\u00fablicas del Ministerio de Cultura de la Naci\u00f3n, considerando la cultura como toda forma de construcci\u00f3n del sujeto que refleja y representa valores y pr\u00e1cticas humanas, dando cuenta de su propio entendimiento acerca del mundo y el territorio que lo rodea.<\/p>\n\n\n\n<p>La esencia del programa no es la competencia. Se procura que los y las participantes de todo el pa\u00eds, se encuentren, se conozcan e intercambien experiencias que los enriquezcan y formen como sujetos. En esa l\u00ednea, la inclusi\u00f3n social es un principio fundamental<\/p>\n","protected":false},"excerpt":{"rendered":"<p>Con rotundo &eacute;xito se desarrollaron los tradicionales Juegos Culturales Evita en su edici&oacute;n 2022 de la instancia departamental Posadas. El Paseo La Terminal fue el epicentro de las actividades que&hellip; <\/p>\n","protected":false},"author":3,"featured_media":1779,"comment_status":"closed","ping_status":"open","sticky":false,"template":"","format":"standard","meta":{"_monsterinsights_skip_tracking":false,"_monsterinsights_sitenote_active":false,"_monsterinsights_sitenote_note":"","_monsterinsights_sitenote_category":0},"categories":[3],"tags":[22],"aioseo_notices":[],"_links":{"self":[{"href":"https:\/\/radionewsmisiones.ar\/site\/wp-json\/wp\/v2\/posts\/1778"}],"collection":[{"href":"https:\/\/radionewsmisiones.ar\/site\/wp-json\/wp\/v2\/posts"}],"about":[{"href":"https:\/\/radionewsmisiones.ar\/site\/wp-json\/wp\/v2\/types\/post"}],"author":[{"embeddable":true,"href":"https:\/\/radionewsmisiones.ar\/site\/wp-json\/wp\/v2\/users\/3"}],"replies":[{"embeddable":true,"href":"https:\/\/radionewsmisiones.ar\/site\/wp-json\/wp\/v2\/comments?post=1778"}],"version-history":[{"count":1,"href":"https:\/\/radionewsmisiones.ar\/site\/wp-json\/wp\/v2\/posts\/1778\/revisions"}],"predecessor-version":[{"id":1781,"href":"https:\/\/radionewsmisiones.ar\/site\/wp-json\/wp\/v2\/posts\/1778\/revisions\/1781"}],"wp:featuredmedia":[{"embeddable":true,"href":"https:\/\/radionewsmisiones.ar\/site\/wp-json\/wp\/v2\/media\/1779"}],"wp:attachment":[{"href":"https:\/\/radionewsmisiones.ar\/site\/wp-json\/wp\/v2\/media?parent=1778"}],"wp:term":[{"taxonomy":"category","embeddable":true,"href":"https:\/\/radionewsmisiones.ar\/site\/wp-json\/wp\/v2\/categories?post=1778"},{"taxonomy":"post_tag","embeddable":true,"href":"https:\/\/radionewsmisiones.ar\/site\/wp-json\/wp\/v2\/tags?post=1778"}],"curies":[{"name":"wp","href":"https:\/\/api.w.org\/{rel}","templated":true}]}}