{"id":1787,"date":"2022-09-13T19:58:55","date_gmt":"2022-09-13T22:58:55","guid":{"rendered":"https:\/\/radionewsmisiones.ar\/site\/?p=1787"},"modified":"2022-09-13T19:59:01","modified_gmt":"2022-09-13T22:59:01","slug":"presentacion-del-presupuesto-2023-stj","status":"publish","type":"post","link":"https:\/\/radionewsmisiones.ar\/site\/provinciales\/presentacion-del-presupuesto-2023-stj\/","title":{"rendered":"Presentaci\u00f3n del Presupuesto 2023 STJ"},"content":{"rendered":"\n<p>Este martes13 de septiembre, la presidente del Superior Tribunal de Justicia, Rosanna P\u00eda Venchiarutti Sartori, concurri\u00f3 acompa\u00f1ada por el administrador general, Nestor Oscar Moroz, y la directora de administraci\u00f3n, Liria Beatriz Schunke a la reuni\u00f3n de la Comisi\u00f3n de Presupuesto, Impuestos, Hacienda y Asuntos Econ\u00f3micos.<\/p>\n\n\n\n<figure class=\"wp-block-image size-large\"><img loading=\"lazy\" width=\"1024\" height=\"682\" src=\"https:\/\/radionewsmisiones.ar\/site\/wp-content\/uploads\/2022\/09\/WhatsApp-Image-2022-09-13-at-12.24.20-1024x682.jpeg\" alt=\"\" class=\"wp-image-1788\" srcset=\"https:\/\/radionewsmisiones.ar\/site\/wp-content\/uploads\/2022\/09\/WhatsApp-Image-2022-09-13-at-12.24.20-1024x682.jpeg 1024w, https:\/\/radionewsmisiones.ar\/site\/wp-content\/uploads\/2022\/09\/WhatsApp-Image-2022-09-13-at-12.24.20-300x200.jpeg 300w, https:\/\/radionewsmisiones.ar\/site\/wp-content\/uploads\/2022\/09\/WhatsApp-Image-2022-09-13-at-12.24.20-768x512.jpeg 768w, https:\/\/radionewsmisiones.ar\/site\/wp-content\/uploads\/2022\/09\/WhatsApp-Image-2022-09-13-at-12.24.20.jpeg 1280w\" sizes=\"(max-width: 1024px) 100vw, 1024px\" \/><\/figure>\n\n\n\n<p><br>El presidente de la Comisi\u00f3n, Lucas Romero Spinelli, recibi\u00f3 a las autoridades judiciales y le cedi\u00f3 la palabra a la Primer Magistrada quien detall\u00f3 actividades del Poder Judicial que no s\u00f3lo demostraron c\u00f3mo se invirti\u00f3 el prepuesto que se aprobar\u00e1 el a\u00f1o anterior sino la proyecci\u00f3n para el 2023.<\/p>\n\n\n\n<p><br>Basado en tres ejes el Poder Judicial mostr\u00f3 un presupuesto austero, enmarcado en la necesidad de mantener y continuar los proyectos que consoliden la modernizaci\u00f3n del Poder Judicial para brindar un mejor servicio de justicia.<\/p>\n\n\n\n<p><br>En la presentaci\u00f3n se hizo hincapie en que el Poder Judicial no es s\u00f3lo el Superior Tribunal de Justicia y los juzgados sino que est\u00e1 compuesto por dependencias activas y que hacen tambi\u00e9n al funcionamiento del mismo, que son: el Consejo de la Magistratura; el Centro de Capacitaci\u00f3n y Gesti\u00f3n Judicial; el Centro Judicial de Mediaci\u00f3n; el Cuerpo M\u00e9dico Forense; la Secretaria Tecnol\u00f3gica Inform\u00e1tica; la Biblioteca; la Direcci\u00f3n de Administraci\u00f3n; la Secretar\u00eda de Apoyo en Investigaciones Complejas; y la Direcci\u00f3n de Arquitectura.<\/p>\n\n\n\n<p><br>La presentaci\u00f3n del presupuesto tiene su basamento en tres ejes:<br>1.- Digitalizaci\u00f3n y despapelizaci\u00f3n, de la mano de la permanente capacitaci\u00f3n para generar recursos humanos id\u00f3neos cada vez m\u00e1s actualizados.<br>2.- Puesta en funcionamiento de nuevas dependencias.<br>3.- B\u00fasqueda de descentralizaci\u00f3n.<\/p>\n\n\n\n<p><br>El presupuesto prev\u00e9 un incremento del 48 % que contempla, adem\u00e1s de nuevos puestos a cubrir, la informatizaci\u00f3n y capacitaci\u00f3n para los empleados, cuestiones que son sumamente importantes para avanzar en la digitalizaci\u00f3n de expedientes, un proceso que avanza paulatinamente pero sin pausa en la b\u00fasqueda de la despapelizaci\u00f3n del Poder Judicial.<\/p>\n","protected":false},"excerpt":{"rendered":"<p>Este martes13 de septiembre, la presidente del Superior Tribunal de Justicia, Rosanna P&iacute;a Venchiarutti Sartori, concurri&oacute; acompa&ntilde;ada por el administrador general, Nestor Oscar Moroz, y la directora de administraci&oacute;n, Liria&hellip; <\/p>\n","protected":false},"author":3,"featured_media":1789,"comment_status":"closed","ping_status":"open","sticky":false,"template":"","format":"standard","meta":{"_monsterinsights_skip_tracking":false,"_monsterinsights_sitenote_active":false,"_monsterinsights_sitenote_note":"","_monsterinsights_sitenote_category":0},"categories":[3],"tags":[29],"aioseo_notices":[],"_links":{"self":[{"href":"https:\/\/radionewsmisiones.ar\/site\/wp-json\/wp\/v2\/posts\/1787"}],"collection":[{"href":"https:\/\/radionewsmisiones.ar\/site\/wp-json\/wp\/v2\/posts"}],"about":[{"href":"https:\/\/radionewsmisiones.ar\/site\/wp-json\/wp\/v2\/types\/post"}],"author":[{"embeddable":true,"href":"https:\/\/radionewsmisiones.ar\/site\/wp-json\/wp\/v2\/users\/3"}],"replies":[{"embeddable":true,"href":"https:\/\/radionewsmisiones.ar\/site\/wp-json\/wp\/v2\/comments?post=1787"}],"version-history":[{"count":1,"href":"https:\/\/radionewsmisiones.ar\/site\/wp-json\/wp\/v2\/posts\/1787\/revisions"}],"predecessor-version":[{"id":1790,"href":"https:\/\/radionewsmisiones.ar\/site\/wp-json\/wp\/v2\/posts\/1787\/revisions\/1790"}],"wp:featuredmedia":[{"embeddable":true,"href":"https:\/\/radionewsmisiones.ar\/site\/wp-json\/wp\/v2\/media\/1789"}],"wp:attachment":[{"href":"https:\/\/radionewsmisiones.ar\/site\/wp-json\/wp\/v2\/media?parent=1787"}],"wp:term":[{"taxonomy":"category","embeddable":true,"href":"https:\/\/radionewsmisiones.ar\/site\/wp-json\/wp\/v2\/categories?post=1787"},{"taxonomy":"post_tag","embeddable":true,"href":"https:\/\/radionewsmisiones.ar\/site\/wp-json\/wp\/v2\/tags?post=1787"}],"curies":[{"name":"wp","href":"https:\/\/api.w.org\/{rel}","templated":true}]}}