{"id":1791,"date":"2022-09-13T20:17:36","date_gmt":"2022-09-13T23:17:36","guid":{"rendered":"https:\/\/radionewsmisiones.ar\/site\/?p=1791"},"modified":"2022-09-13T20:17:44","modified_gmt":"2022-09-13T23:17:44","slug":"nuestro-objetivo-es-potenciar-el-sector-y-acompanar-a-los-productores-misioneros-siempre-senalo-arce","status":"publish","type":"post","link":"https:\/\/radionewsmisiones.ar\/site\/provinciales\/nuestro-objetivo-es-potenciar-el-sector-y-acompanar-a-los-productores-misioneros-siempre-senalo-arce\/","title":{"rendered":"\u00abNuestro objetivo es potenciar el sector y acompa\u00f1ar a los productores misioneros siempre\u00bb, se\u00f1al\u00f3 Arce"},"content":{"rendered":"\n<p>El vicegobernador Carlos Arce presidi\u00f3 esta ma\u00f1ana la presentaci\u00f3n de la Expo de la Cuenca Ovino Caprina de la Zona Sur de Misiones que ser\u00e1 en Fachinal los d\u00edas 17 y 18 de este mes.<\/p>\n\n\n\n<p>Para mostrar el crecimiento de la actividad, este s\u00e1bado 17 y domingo 18 de septiembre se realizar\u00e1 la segunda edici\u00f3n de la Expo de la Cuenca Ovino Caprina de la Zona Sur de Misiones, en el predio del Polideportivo de la Municipalidad de Profundidad. En las dos jornadas se exhibir\u00e1n productos de la zona, ganado ovino y caprino y todo lo que desarrollan los productores acompa\u00f1ados por los organismos del Gobierno de Misiones, de la Naci\u00f3n, municipios y organizaciones sociales.<\/p>\n\n\n\n<figure class=\"wp-block-image size-large\"><img loading=\"lazy\" width=\"1024\" height=\"683\" src=\"https:\/\/radionewsmisiones.ar\/site\/wp-content\/uploads\/2022\/09\/WhatsApp-Image-2022-09-13-at-20.14.111-1024x683.jpeg\" alt=\"\" class=\"wp-image-1792\" srcset=\"https:\/\/radionewsmisiones.ar\/site\/wp-content\/uploads\/2022\/09\/WhatsApp-Image-2022-09-13-at-20.14.111-1024x683.jpeg 1024w, https:\/\/radionewsmisiones.ar\/site\/wp-content\/uploads\/2022\/09\/WhatsApp-Image-2022-09-13-at-20.14.111-300x200.jpeg 300w, https:\/\/radionewsmisiones.ar\/site\/wp-content\/uploads\/2022\/09\/WhatsApp-Image-2022-09-13-at-20.14.111-768x512.jpeg 768w, https:\/\/radionewsmisiones.ar\/site\/wp-content\/uploads\/2022\/09\/WhatsApp-Image-2022-09-13-at-20.14.111-1536x1024.jpeg 1536w, https:\/\/radionewsmisiones.ar\/site\/wp-content\/uploads\/2022\/09\/WhatsApp-Image-2022-09-13-at-20.14.111.jpeg 1599w\" sizes=\"(max-width: 1024px) 100vw, 1024px\" \/><\/figure>\n\n\n\n<p>\u201cSer\u00e1 un espacio para dar a conocer la tarea que llevamos adelante en los municipios de la zona Sur\u201d, explic\u00f3 la intendenta de Profundidad, Silvia Estigarribia, durante el lanzamiento del evento. Remarc\u00f3 que la Expo \u201cno es s\u00f3lo la producci\u00f3n, es el desarrollo de la comunidad y de los productores\u201d. Por su parte, el presidente de la Cuenca Ovino Caprina, Miguel Sosa, agradeci\u00f3 el apoyo del Gobierno Provincial. Adelant\u00f3 que, durante la muestra, se entregar\u00e1n reproductores del Centro de Mejora Gen\u00e9tica y fondos para profundizar el trabajo de recuperaci\u00f3n de vertientes.<br>Durante la conferencia, el director del Centro Regional Misiones del INTA; Fabio Wys, afirm\u00f3 que se trata de un evento muy importante para una zona que se desarrolla. Se\u00f1al\u00f3 que desde el organismo nacional se trabaja para implementar \u201cun programa de salud animal, con profesionales especializados para resolver temas fundamentales del sector\u201d. Indic\u00f3 que brindar\u00e1n charlas t\u00e9cnicas con personal de campo que expondr\u00e1n experiencias y resultados obtenidos.<\/p>\n\n\n\n<p>Para cerrar, el vicegobernador Carlos Arce reconoci\u00f3 el esfuerzo y aporte que realizan las 450 familias productorasde los ocho municipios de la zona Sur, en la organizaci\u00f3n de esta exposici\u00f3n.\u201cEl objetivo es potenciar el sector y aumentar la cantidad de productores.Vamos a asistir porquequeremos escuchar a la gente que trabaja a diario y tratar de acercar soluciones\u201d, manifest\u00f3 el vicegobernador. Destac\u00f3 que \u201clos ocho municipios, que son parte de la cuenca, promuevan una articulaci\u00f3n pensando en los productores es muy importante; como tambi\u00e9n que los organismos provinciales y nacionales colaboren para impulsar el sector a trav\u00e9s de la capacitaci\u00f3n\u201d.<\/p>\n\n\n\n<p>Trabajo coordinado<br>La cuenca est\u00e1 conformada por alrededor de 450 familias agricultoras y criadoras de ovinos y caprinos, quienes trabajan en conjunto para mejorar la gen\u00e9tica animal y sus unidades productivas. Se eligi\u00f3 nuevamente como sede a Profundidad por su ubicaci\u00f3n, ya que se encuentra en el centro geogr\u00e1fico de los municipios que forman parte: Candelaria, Garup\u00e1, Cerro Cora, Cerro Azul, Santa Ana, Fachinal y San Jos\u00e9.<\/p>\n\n\n\n<p>En la exposici\u00f3n y muestra<br>din\u00e1mica se brindar\u00e1 informaci\u00f3n sobre los emprendimientos tur\u00edsticos de Camino de los Cerros y charlas t\u00e9cnicas. Tambi\u00e9n se podr\u00e1 conocer los distintos eslabones de la cadena productiva, desde la producci\u00f3n, la faena, la comercializaci\u00f3n y los productos que se obtienen del cuero y la lana. Adem\u00e1s, habr\u00e1 un sector de gastronom\u00eda regional para degustar platos elaborados con carne de cordero misionero y espect\u00e1culos con artistas locales. La entrada es libre y gratuita para el p\u00fablico en general.<\/p>\n\n\n\n<p>Participaron del lanzamiento, en la Sala de Prensa de la Subsecretar\u00eda de Comunicaci\u00f3n y V\u00ednculo Ciudadano del Gobierno de Misiones, el vicegobernador Carlos Arce, el ministro del Agro y la Producci\u00f3n, Facundo L\u00f3pez Sartori; la ministra de Agricultura Familiar, Marta Ferreira; el presidente y el secretario de la Cuenca Ovino Caprina, Miguel Sosa y Ricardo Maciel; el director del Centro Regional Misiones del INTA; FabioWys, y los intendentes de Profundidad, Silvia Estigarribia, y de Fachinal, Miguel Ben\u00edtez.<\/p>\n\n\n\n<p>Sobre la Mesa de Gesti\u00f3n de la Cuenca ovina caprina<br>La Mesa de Gesti\u00f3n de la Cuenca Ovino Caprina de la Zona Sur de Misiones es una organizaci\u00f3n interinstitucional e intersectorial que impulsa el proceso de desarrollo territorial en el sur de Misiones.<\/p>\n\n\n\n<p>Est\u00e1 conformada por los ministerios provinciales de Coordinaci\u00f3n de Gabinete, del Agro y la Producci\u00f3n, de Agricultura Familiar, de Ecolog\u00eda y Recursos Naturales Renovables, el IFAI, Marand\u00fa Comunicaciones, el Instituto Nacional de Tecnolog\u00eda Agropecuaria (INTA), la Secretar\u00eda de Agricultura Familiar, Coordinaci\u00f3n y Desarrollo Territorial de la Naci\u00f3n, el Servicio Nacional de Sanidad y Calidad Agroalimentaria (SENASA), el Instituto Nacional de Tecnolog\u00eda Industrial (INTI) Misiones, la Universidad Nacional de Misiones (UNaM), la fundaci\u00f3n Agencia para el Desarrollo Econ\u00f3mico de Misiones (ADEMI), Cooperativa Agropecuaria de San Jos\u00e9, la Cooperativa de Productores Corral de Cerro de Cerro Cor\u00e1 y Cuenca Sur de Profundidad, la Sociedad Rural Misiones, la Fundaci\u00f3n Prosperit\u00e1, la EFA San Crist\u00f3bal, el ISEA N\u00b0 1.660 Monse\u00f1or Jorge Kemerer, IEA N\u00b07, ITEC N\u00ba 3, ITEC N\u00b0 1 y las Municipalidades de San Jos\u00e9, Profundidad, Candelaria, Santa Ana, Cerro Cora, Cerro Azul, Garup\u00e1 y Fachinal.<\/p>\n","protected":false},"excerpt":{"rendered":"<p>El vicegobernador Carlos Arce presidi&oacute; esta ma&ntilde;ana la presentaci&oacute;n de la Expo de la Cuenca Ovino Caprina de la Zona Sur de Misiones que ser&aacute; en Fachinal los d&iacute;as 17&hellip; <\/p>\n","protected":false},"author":3,"featured_media":1793,"comment_status":"closed","ping_status":"open","sticky":false,"template":"","format":"standard","meta":{"_monsterinsights_skip_tracking":false,"_monsterinsights_sitenote_active":false,"_monsterinsights_sitenote_note":"","_monsterinsights_sitenote_category":0},"categories":[3],"tags":[],"aioseo_notices":[],"_links":{"self":[{"href":"https:\/\/radionewsmisiones.ar\/site\/wp-json\/wp\/v2\/posts\/1791"}],"collection":[{"href":"https:\/\/radionewsmisiones.ar\/site\/wp-json\/wp\/v2\/posts"}],"about":[{"href":"https:\/\/radionewsmisiones.ar\/site\/wp-json\/wp\/v2\/types\/post"}],"author":[{"embeddable":true,"href":"https:\/\/radionewsmisiones.ar\/site\/wp-json\/wp\/v2\/users\/3"}],"replies":[{"embeddable":true,"href":"https:\/\/radionewsmisiones.ar\/site\/wp-json\/wp\/v2\/comments?post=1791"}],"version-history":[{"count":1,"href":"https:\/\/radionewsmisiones.ar\/site\/wp-json\/wp\/v2\/posts\/1791\/revisions"}],"predecessor-version":[{"id":1794,"href":"https:\/\/radionewsmisiones.ar\/site\/wp-json\/wp\/v2\/posts\/1791\/revisions\/1794"}],"wp:featuredmedia":[{"embeddable":true,"href":"https:\/\/radionewsmisiones.ar\/site\/wp-json\/wp\/v2\/media\/1793"}],"wp:attachment":[{"href":"https:\/\/radionewsmisiones.ar\/site\/wp-json\/wp\/v2\/media?parent=1791"}],"wp:term":[{"taxonomy":"category","embeddable":true,"href":"https:\/\/radionewsmisiones.ar\/site\/wp-json\/wp\/v2\/categories?post=1791"},{"taxonomy":"post_tag","embeddable":true,"href":"https:\/\/radionewsmisiones.ar\/site\/wp-json\/wp\/v2\/tags?post=1791"}],"curies":[{"name":"wp","href":"https:\/\/api.w.org\/{rel}","templated":true}]}}