{"id":1899,"date":"2022-09-15T22:20:20","date_gmt":"2022-09-16T01:20:20","guid":{"rendered":"https:\/\/radionewsmisiones.ar\/site\/?p=1899"},"modified":"2022-09-15T22:20:25","modified_gmt":"2022-09-16T01:20:25","slug":"en-corpus-christi-se-realizara-el-decimo-congreso-internacional-de-turismo-educacion-intercultural-y-desarrollo-local-de-las-misiones-jesuiticas-guaranies-del-mercosur","status":"publish","type":"post","link":"https:\/\/radionewsmisiones.ar\/site\/provinciales\/en-corpus-christi-se-realizara-el-decimo-congreso-internacional-de-turismo-educacion-intercultural-y-desarrollo-local-de-las-misiones-jesuiticas-guaranies-del-mercosur\/","title":{"rendered":"En Corpus Christi se realizar\u00e1 el d\u00e9cimo Congreso Internacional de Turismo, Educaci\u00f3n intercultural y Desarrollo local de las Misiones Jesu\u00edticas guaran\u00edes del Mercosur"},"content":{"rendered":"\n<p>Durante la jornada del hoy (15 de septiembre) se realiz\u00f3 el lanzamiento oficial del X Congreso Internacional de Turismo, Educaci\u00f3n Intercultural y Desarrollo Local de las Misiones Jesu\u00edticas de los Guaran\u00edes del Mercosur. El evento se llev\u00f3 adelante en el Sal\u00f3n Oval del Ministerio de Educaci\u00f3n y fue coordinado por la Subsecretar\u00eda de Educaci\u00f3n T\u00e9cnico Profesional (ETP).<\/p>\n\n\n\n<figure class=\"wp-block-image size-full\"><img loading=\"lazy\" width=\"505\" height=\"1024\" src=\"https:\/\/radionewsmisiones.ar\/site\/wp-content\/uploads\/2022\/09\/WhatsApp-Image-2022-09-15-at-17.25.34.jpeg\" alt=\"\" class=\"wp-image-1900\" srcset=\"https:\/\/radionewsmisiones.ar\/site\/wp-content\/uploads\/2022\/09\/WhatsApp-Image-2022-09-15-at-17.25.34.jpeg 505w, https:\/\/radionewsmisiones.ar\/site\/wp-content\/uploads\/2022\/09\/WhatsApp-Image-2022-09-15-at-17.25.34-148x300.jpeg 148w\" sizes=\"(max-width: 505px) 100vw, 505px\" \/><\/figure>\n\n\n\n<p>Este congreso nace como respuesta a las necesidades de capacitaci\u00f3n en turismo en la regi\u00f3n de las Misiones Jesu\u00edticas, que cuenta con cuatro sitios patrimoniales declarados por la UNESCO como Patrimonio de la Humanidad. El subsecretario de ETP, Gilson Berger, coment\u00f3 que \u201ces necesario promover un curr\u00edculo actualizado y en constante innovaci\u00f3n, que se nutra del medio y genere espacios de encuentro entre el sector social, t\u00e9cnico, cient\u00edfico y productivo\u201d.<\/p>\n\n\n\n<p>Por su parte, el director de la educaci\u00f3n de nivel superior, Luis Oviedo, acot\u00f3 que \u201ceste congreso se constituye en un espacio com\u00fan de abordaje de ejes transversales tendientes a fomentar acciones que contribuyan a la mejora de la pr\u00e1ctica docente promoviendo la actualizaci\u00f3n y el perfeccionamiento\u201d. Este a\u00f1o es particularmente especial por la celebraci\u00f3n de los 400 a\u00f1os de la fundaci\u00f3n del poblado Guaran\u00ed Jesu\u00edtico de Corpus Christi que, si bien se realiz\u00f3 en otro sitio, es un antecedente que vincula directamente con el sitio actual del centro de interpretaci\u00f3n y pueblo de Corpus Christi. Tambi\u00e9n es el aniversario 145 de la refundaci\u00f3n del municipio.<\/p>\n\n\n\n<p>Del lanzamiento tambi\u00e9n participaron referentes del Ministerio de Turismo, autoridades del Instituto Tecnol\u00f3gico Provincial de Corpus Christi y el intendente del municipio, Orlando Rostan. El congreso se llevar\u00e1 adelante los d\u00edas 27 y 28 de septiembre, y los medios de inscripci\u00f3n al mismo se estar\u00e1n comunicando por redes sociales de los entes involucrados en la organizaci\u00f3n.<\/p>\n","protected":false},"excerpt":{"rendered":"<p>Durante la jornada del hoy (15 de septiembre) se realiz&oacute; el lanzamiento oficial del X Congreso Internacional de Turismo, Educaci&oacute;n Intercultural y Desarrollo Local de las Misiones Jesu&iacute;ticas de los&hellip; <\/p>\n","protected":false},"author":3,"featured_media":1901,"comment_status":"closed","ping_status":"open","sticky":false,"template":"","format":"standard","meta":{"_monsterinsights_skip_tracking":false,"_monsterinsights_sitenote_active":false,"_monsterinsights_sitenote_note":"","_monsterinsights_sitenote_category":0},"categories":[3],"tags":[],"aioseo_notices":[],"_links":{"self":[{"href":"https:\/\/radionewsmisiones.ar\/site\/wp-json\/wp\/v2\/posts\/1899"}],"collection":[{"href":"https:\/\/radionewsmisiones.ar\/site\/wp-json\/wp\/v2\/posts"}],"about":[{"href":"https:\/\/radionewsmisiones.ar\/site\/wp-json\/wp\/v2\/types\/post"}],"author":[{"embeddable":true,"href":"https:\/\/radionewsmisiones.ar\/site\/wp-json\/wp\/v2\/users\/3"}],"replies":[{"embeddable":true,"href":"https:\/\/radionewsmisiones.ar\/site\/wp-json\/wp\/v2\/comments?post=1899"}],"version-history":[{"count":1,"href":"https:\/\/radionewsmisiones.ar\/site\/wp-json\/wp\/v2\/posts\/1899\/revisions"}],"predecessor-version":[{"id":1902,"href":"https:\/\/radionewsmisiones.ar\/site\/wp-json\/wp\/v2\/posts\/1899\/revisions\/1902"}],"wp:featuredmedia":[{"embeddable":true,"href":"https:\/\/radionewsmisiones.ar\/site\/wp-json\/wp\/v2\/media\/1901"}],"wp:attachment":[{"href":"https:\/\/radionewsmisiones.ar\/site\/wp-json\/wp\/v2\/media?parent=1899"}],"wp:term":[{"taxonomy":"category","embeddable":true,"href":"https:\/\/radionewsmisiones.ar\/site\/wp-json\/wp\/v2\/categories?post=1899"},{"taxonomy":"post_tag","embeddable":true,"href":"https:\/\/radionewsmisiones.ar\/site\/wp-json\/wp\/v2\/tags?post=1899"}],"curies":[{"name":"wp","href":"https:\/\/api.w.org\/{rel}","templated":true}]}}