{"id":1907,"date":"2022-09-15T22:22:53","date_gmt":"2022-09-16T01:22:53","guid":{"rendered":"https:\/\/radionewsmisiones.ar\/site\/?p=1907"},"modified":"2022-09-15T22:22:58","modified_gmt":"2022-09-16T01:22:58","slug":"p-a-s-posadas-los-operativos-son-exitosos-porque-solucionan-los-problemas-a-vecinos-en-el-lugar-dijo-arce","status":"publish","type":"post","link":"https:\/\/radionewsmisiones.ar\/site\/provinciales\/p-a-s-posadas-los-operativos-son-exitosos-porque-solucionan-los-problemas-a-vecinos-en-el-lugar-dijo-arce\/","title":{"rendered":"P.A.S. Posadas: \u00abLos operativos son exitosos porque solucionan los problemas a vecinos en el lugar\u00bb, dijo Arce"},"content":{"rendered":"\n<p>Esta ma\u00f1ana el vicegobernador Carlos Arce recorri\u00f3 la Escuela Provincial N\u00ba 53 donde se realiz\u00f3 el operativo integral del P.A.S. y all\u00ed dialog\u00f3 con vecinas y vecinos del barrio Yohas\u00e1 de Posadas.<\/p>\n\n\n\n<figure class=\"wp-block-image size-large\"><img loading=\"lazy\" width=\"1024\" height=\"765\" src=\"https:\/\/radionewsmisiones.ar\/site\/wp-content\/uploads\/2022\/09\/WhatsApp-Image-2022-09-15-at-17.36.33-1024x765.jpeg\" alt=\"\" class=\"wp-image-1908\" srcset=\"https:\/\/radionewsmisiones.ar\/site\/wp-content\/uploads\/2022\/09\/WhatsApp-Image-2022-09-15-at-17.36.33-1024x765.jpeg 1024w, https:\/\/radionewsmisiones.ar\/site\/wp-content\/uploads\/2022\/09\/WhatsApp-Image-2022-09-15-at-17.36.33-300x224.jpeg 300w, https:\/\/radionewsmisiones.ar\/site\/wp-content\/uploads\/2022\/09\/WhatsApp-Image-2022-09-15-at-17.36.33-768x574.jpeg 768w, https:\/\/radionewsmisiones.ar\/site\/wp-content\/uploads\/2022\/09\/WhatsApp-Image-2022-09-15-at-17.36.33.jpeg 1275w\" sizes=\"(max-width: 1024px) 100vw, 1024px\" \/><\/figure>\n\n\n\n<p>Posadas, 15 de septiembre. Hoy se llev\u00f3 a cabo un nuevo operativo integral del Programa Asistencia Solidaria Posadas en la Escuela Provincial N\u00b053 con la presencia del vicegobernador Carlos Arce qui\u00e9n junto a la coordinadora subsecretaria Mirta Amarilla recorri\u00f3 los servicios y la atenci\u00f3n que se brind\u00f3 a los vecinos.<\/p>\n\n\n\n<p>\u00abLos operativos son exitosos porque solucionan los problemas a vecinos en el lugar\u00bb, dijo el Vicegobernador remarcando la importancia de \u00abllegar a los barrios con atenci\u00f3n gratuita y servicios que cuidan a los vecinos y vecinas\u00bb,se\u00f1al\u00f3.<\/p>\n","protected":false},"excerpt":{"rendered":"<p>Esta ma&ntilde;ana el vicegobernador Carlos Arce recorri&oacute; la Escuela Provincial N&ordm; 53 donde se realiz&oacute; el operativo integral del P.A.S. y all&iacute; dialog&oacute; con vecinas y vecinos del barrio Yohas&aacute;&hellip; <\/p>\n","protected":false},"author":3,"featured_media":1909,"comment_status":"closed","ping_status":"open","sticky":false,"template":"","format":"standard","meta":{"_monsterinsights_skip_tracking":false,"_monsterinsights_sitenote_active":false,"_monsterinsights_sitenote_note":"","_monsterinsights_sitenote_category":0},"categories":[3],"tags":[55],"aioseo_notices":[],"_links":{"self":[{"href":"https:\/\/radionewsmisiones.ar\/site\/wp-json\/wp\/v2\/posts\/1907"}],"collection":[{"href":"https:\/\/radionewsmisiones.ar\/site\/wp-json\/wp\/v2\/posts"}],"about":[{"href":"https:\/\/radionewsmisiones.ar\/site\/wp-json\/wp\/v2\/types\/post"}],"author":[{"embeddable":true,"href":"https:\/\/radionewsmisiones.ar\/site\/wp-json\/wp\/v2\/users\/3"}],"replies":[{"embeddable":true,"href":"https:\/\/radionewsmisiones.ar\/site\/wp-json\/wp\/v2\/comments?post=1907"}],"version-history":[{"count":1,"href":"https:\/\/radionewsmisiones.ar\/site\/wp-json\/wp\/v2\/posts\/1907\/revisions"}],"predecessor-version":[{"id":1910,"href":"https:\/\/radionewsmisiones.ar\/site\/wp-json\/wp\/v2\/posts\/1907\/revisions\/1910"}],"wp:featuredmedia":[{"embeddable":true,"href":"https:\/\/radionewsmisiones.ar\/site\/wp-json\/wp\/v2\/media\/1909"}],"wp:attachment":[{"href":"https:\/\/radionewsmisiones.ar\/site\/wp-json\/wp\/v2\/media?parent=1907"}],"wp:term":[{"taxonomy":"category","embeddable":true,"href":"https:\/\/radionewsmisiones.ar\/site\/wp-json\/wp\/v2\/categories?post=1907"},{"taxonomy":"post_tag","embeddable":true,"href":"https:\/\/radionewsmisiones.ar\/site\/wp-json\/wp\/v2\/tags?post=1907"}],"curies":[{"name":"wp","href":"https:\/\/api.w.org\/{rel}","templated":true}]}}