{"id":1911,"date":"2022-09-15T22:23:59","date_gmt":"2022-09-16T01:23:59","guid":{"rendered":"https:\/\/radionewsmisiones.ar\/site\/?p=1911"},"modified":"2022-09-15T22:24:03","modified_gmt":"2022-09-16T01:24:03","slug":"comienza-el-pago-de-los-programas-de-la-oficina-municipal-de-empleo","status":"publish","type":"post","link":"https:\/\/radionewsmisiones.ar\/site\/provinciales\/comienza-el-pago-de-los-programas-de-la-oficina-municipal-de-empleo\/","title":{"rendered":"Comienza el pago de los programas de la Oficina Municipal de Empleo"},"content":{"rendered":"\n<p>Desde la Oficina de Empleo de la Municipalidad de Posadas informan que desde este jueves se encuentran disponibles los pagos de los programas \u201cJ\u00f3venes con M\u00e1s y Mejor Trabajo\u201d y \u201cSeguro de Capacitaci\u00f3n y Empleo\u201d correspondientes al mes de agosto.<\/p>\n\n\n\n<figure class=\"wp-block-image size-large\"><img loading=\"lazy\" width=\"1024\" height=\"691\" src=\"https:\/\/radionewsmisiones.ar\/site\/wp-content\/uploads\/2022\/09\/WhatsApp-Image-2022-09-15-at-08.09.46-1024x691.jpeg\" alt=\"\" class=\"wp-image-1912\" srcset=\"https:\/\/radionewsmisiones.ar\/site\/wp-content\/uploads\/2022\/09\/WhatsApp-Image-2022-09-15-at-08.09.46-1024x691.jpeg 1024w, https:\/\/radionewsmisiones.ar\/site\/wp-content\/uploads\/2022\/09\/WhatsApp-Image-2022-09-15-at-08.09.46-300x203.jpeg 300w, https:\/\/radionewsmisiones.ar\/site\/wp-content\/uploads\/2022\/09\/WhatsApp-Image-2022-09-15-at-08.09.46-768x518.jpeg 768w, https:\/\/radionewsmisiones.ar\/site\/wp-content\/uploads\/2022\/09\/WhatsApp-Image-2022-09-15-at-08.09.46.jpeg 1280w\" sizes=\"(max-width: 1024px) 100vw, 1024px\" \/><\/figure>\n\n\n\n<p>Desde hoy 15 de septiembre se abona a los beneficiarios con terminaci\u00f3n del Documento Nacional de Identidad en 0 y 1. Seguir\u00e1 el viernes 16 con los DNI que terminan en 2 y 3.<\/p>\n\n\n\n<p>Los desembolsos continuar\u00e1n el lunes 19 con los que culminen en 4 y 5. El martes 20, seguir\u00e1n los pagos para los documentos que finalicen en 6 y 7. Y el d\u00eda mi\u00e9rcoles 21, ser\u00e1 el turno de los DNI 8 y 9.<\/p>\n\n\n\n<p>Desde la Oficina de Empleo de la Municipalidad de Posadas y la Agencia Territorial del Ministerio de Trabajo, Empleo y Seguridad Social, est\u00e1n logrando que m\u00e1s j\u00f3venes logren acercarse a su primera experiencia laboral, brindando cursos y talleres que mejorar\u00e1n su desempe\u00f1o y habilidades.<\/p>\n","protected":false},"excerpt":{"rendered":"<p>Desde la Oficina de Empleo de la Municipalidad de Posadas informan que desde este jueves se encuentran disponibles los pagos de los programas &ldquo;J&oacute;venes con M&aacute;s y Mejor Trabajo&rdquo; y&hellip; <\/p>\n","protected":false},"author":3,"featured_media":1912,"comment_status":"closed","ping_status":"open","sticky":false,"template":"","format":"standard","meta":{"_monsterinsights_skip_tracking":false,"_monsterinsights_sitenote_active":false,"_monsterinsights_sitenote_note":"","_monsterinsights_sitenote_category":0},"categories":[3],"tags":[22],"aioseo_notices":[],"_links":{"self":[{"href":"https:\/\/radionewsmisiones.ar\/site\/wp-json\/wp\/v2\/posts\/1911"}],"collection":[{"href":"https:\/\/radionewsmisiones.ar\/site\/wp-json\/wp\/v2\/posts"}],"about":[{"href":"https:\/\/radionewsmisiones.ar\/site\/wp-json\/wp\/v2\/types\/post"}],"author":[{"embeddable":true,"href":"https:\/\/radionewsmisiones.ar\/site\/wp-json\/wp\/v2\/users\/3"}],"replies":[{"embeddable":true,"href":"https:\/\/radionewsmisiones.ar\/site\/wp-json\/wp\/v2\/comments?post=1911"}],"version-history":[{"count":1,"href":"https:\/\/radionewsmisiones.ar\/site\/wp-json\/wp\/v2\/posts\/1911\/revisions"}],"predecessor-version":[{"id":1913,"href":"https:\/\/radionewsmisiones.ar\/site\/wp-json\/wp\/v2\/posts\/1911\/revisions\/1913"}],"wp:featuredmedia":[{"embeddable":true,"href":"https:\/\/radionewsmisiones.ar\/site\/wp-json\/wp\/v2\/media\/1912"}],"wp:attachment":[{"href":"https:\/\/radionewsmisiones.ar\/site\/wp-json\/wp\/v2\/media?parent=1911"}],"wp:term":[{"taxonomy":"category","embeddable":true,"href":"https:\/\/radionewsmisiones.ar\/site\/wp-json\/wp\/v2\/categories?post=1911"},{"taxonomy":"post_tag","embeddable":true,"href":"https:\/\/radionewsmisiones.ar\/site\/wp-json\/wp\/v2\/tags?post=1911"}],"curies":[{"name":"wp","href":"https:\/\/api.w.org\/{rel}","templated":true}]}}