{"id":1914,"date":"2022-09-15T22:33:06","date_gmt":"2022-09-16T01:33:06","guid":{"rendered":"https:\/\/radionewsmisiones.ar\/site\/?p=1914"},"modified":"2022-09-15T22:33:10","modified_gmt":"2022-09-16T01:33:10","slug":"entrega-de-reconocimiento-a-magistrados-y-funcionarios-del-poder-judicial","status":"publish","type":"post","link":"https:\/\/radionewsmisiones.ar\/site\/provinciales\/entrega-de-reconocimiento-a-magistrados-y-funcionarios-del-poder-judicial\/","title":{"rendered":"Entrega de Reconocimiento a Magistrados y Funcionarios del Poder Judicial"},"content":{"rendered":"\n<p>Como cada a\u00f1o el 15 de septiembre se celebra el D\u00eda del Magistrado y la Funci\u00f3n Judicial, oportunidad en la que el Superior Tribunal de Justicia reconoce a los magistrados y funcionarios que cumplen esa funci\u00f3n desde hace 40, 30 o 25 a\u00f1os.<\/p>\n\n\n\n<figure class=\"wp-block-image size-large\"><img loading=\"lazy\" width=\"1024\" height=\"682\" src=\"https:\/\/radionewsmisiones.ar\/site\/wp-content\/uploads\/2022\/09\/WhatsApp-Image-2022-09-15-at-22.24.00-1024x682.jpeg\" alt=\"\" class=\"wp-image-1915\" srcset=\"https:\/\/radionewsmisiones.ar\/site\/wp-content\/uploads\/2022\/09\/WhatsApp-Image-2022-09-15-at-22.24.00-1024x682.jpeg 1024w, https:\/\/radionewsmisiones.ar\/site\/wp-content\/uploads\/2022\/09\/WhatsApp-Image-2022-09-15-at-22.24.00-300x200.jpeg 300w, https:\/\/radionewsmisiones.ar\/site\/wp-content\/uploads\/2022\/09\/WhatsApp-Image-2022-09-15-at-22.24.00-768x512.jpeg 768w, https:\/\/radionewsmisiones.ar\/site\/wp-content\/uploads\/2022\/09\/WhatsApp-Image-2022-09-15-at-22.24.00.jpeg 1280w\" sizes=\"(max-width: 1024px) 100vw, 1024px\" \/><\/figure>\n\n\n\n<p><br>Este a\u00f1o en que se conmemoran los 65 a\u00f1os del Poder Judicial de Misiones se homenaje\u00f3, tambi\u00e9n, a quienes cesaron sus servicios en estos \u00faltimos 10 a\u00f1os.<br>La presidente del Superior Tribunal de Justicia, Rosanna P\u00eda Venchiarutti Sartori junto a los ministros, Cristian Marcelo Ben\u00edtez, Froil\u00e1n Zarza, Mar\u00eda Laura Niveyro, Roberto Rub\u00e9n Uset, y el procurador general, Miguel \u00c1ngel Pi\u00f1ero, entregaron los reconocimientos a los agasajados<\/p>\n\n\n\n<p><br>La bienvenida estuvo a cargo de la Primer Magistrada que se emocion\u00f3 y agradeci\u00f3 especialmente la presencia de quienes \u201cdieron tanto tiempo de su vida al servicio del Poder Judicial. Es para nosotros un honor\u201d, manifest\u00f3, en alusi\u00f3n a los magistrados jubilados e hizo referencia a la Ley que permite adherir al beneficio de la jubilaci\u00f3n.<\/p>\n\n\n\n<p><br>Haciendo memoria, Venchiarutti, destac\u00f3 los cambios por los que han pasado y la entereza con que los llevaron adelante de la maquina de escribir a la tecnolog\u00eda que contin\u00faa avanzando.<br>La Presidente salud\u00f3 a todos los agasajados por este d\u00eda y, aunque su atenci\u00f3n y dedicaci\u00f3n estuvo enfocada especialmente en quienes pertenecieron al Poder Judicial, valor\u00f3 la labor de quienes d\u00eda a d\u00eda desde su lugar siguen dando todo de s\u00ed para poner en valor el servicio de justicia.<\/p>\n\n\n\n<p><br>El d\u00eda de la Magistratura y Funci\u00f3n Judicial se conmemora el 15 de septiembre pues en tal fecha se cre\u00f3 la Federaci\u00f3n Argentina de la Magistratura (FAM) y la Funci\u00f3n Judicial, en San Nicol\u00e1s de los Arroyos en 1966.<\/p>\n","protected":false},"excerpt":{"rendered":"<p>Como cada a&ntilde;o el 15 de septiembre se celebra el D&iacute;a del Magistrado y la Funci&oacute;n Judicial, oportunidad en la que el Superior Tribunal de Justicia reconoce a los magistrados&hellip; <\/p>\n","protected":false},"author":3,"featured_media":1916,"comment_status":"closed","ping_status":"open","sticky":false,"template":"","format":"standard","meta":{"_monsterinsights_skip_tracking":false,"_monsterinsights_sitenote_active":false,"_monsterinsights_sitenote_note":"","_monsterinsights_sitenote_category":0},"categories":[3],"tags":[29],"aioseo_notices":[],"_links":{"self":[{"href":"https:\/\/radionewsmisiones.ar\/site\/wp-json\/wp\/v2\/posts\/1914"}],"collection":[{"href":"https:\/\/radionewsmisiones.ar\/site\/wp-json\/wp\/v2\/posts"}],"about":[{"href":"https:\/\/radionewsmisiones.ar\/site\/wp-json\/wp\/v2\/types\/post"}],"author":[{"embeddable":true,"href":"https:\/\/radionewsmisiones.ar\/site\/wp-json\/wp\/v2\/users\/3"}],"replies":[{"embeddable":true,"href":"https:\/\/radionewsmisiones.ar\/site\/wp-json\/wp\/v2\/comments?post=1914"}],"version-history":[{"count":1,"href":"https:\/\/radionewsmisiones.ar\/site\/wp-json\/wp\/v2\/posts\/1914\/revisions"}],"predecessor-version":[{"id":1917,"href":"https:\/\/radionewsmisiones.ar\/site\/wp-json\/wp\/v2\/posts\/1914\/revisions\/1917"}],"wp:featuredmedia":[{"embeddable":true,"href":"https:\/\/radionewsmisiones.ar\/site\/wp-json\/wp\/v2\/media\/1916"}],"wp:attachment":[{"href":"https:\/\/radionewsmisiones.ar\/site\/wp-json\/wp\/v2\/media?parent=1914"}],"wp:term":[{"taxonomy":"category","embeddable":true,"href":"https:\/\/radionewsmisiones.ar\/site\/wp-json\/wp\/v2\/categories?post=1914"},{"taxonomy":"post_tag","embeddable":true,"href":"https:\/\/radionewsmisiones.ar\/site\/wp-json\/wp\/v2\/tags?post=1914"}],"curies":[{"name":"wp","href":"https:\/\/api.w.org\/{rel}","templated":true}]}}