{"id":1918,"date":"2022-09-15T22:40:23","date_gmt":"2022-09-16T01:40:23","guid":{"rendered":"https:\/\/radionewsmisiones.ar\/site\/?p=1918"},"modified":"2022-09-15T22:40:29","modified_gmt":"2022-09-16T01:40:29","slug":"referente-internacional-de-transformacion-de-procesos-escolares-disertara-para-la-provincia","status":"publish","type":"post","link":"https:\/\/radionewsmisiones.ar\/site\/provinciales\/referente-internacional-de-transformacion-de-procesos-escolares-disertara-para-la-provincia\/","title":{"rendered":"Referente internacional de transformaci\u00f3n de procesos escolares disertar\u00e1 para la provincia"},"content":{"rendered":"\n<p>Especialista en liderazgo, innovaci\u00f3n educativa y gesti\u00f3n del cambio en instituciones educativas, autor de \u201cEscuelas que valgan la pena\u201d (2020, Paid\u00f3s, Argentina) y co-autor de la colecci\u00f3n de libros \u201cTransformando la educaci\u00f3n\u201d (2015, JE), Pepe Men\u00e9ndez, disertar\u00e1 para toda la comunidad educativa de la provincia el siguiente 16 de septiembre. El webinar, titulado \u00abTransformar para humanizar la escuela\u00bb, suceder\u00e1 en el marco de las charlas formativas para la Transformaci\u00f3n de la Secundaria Misionera, y quedar\u00e1 el video disponible on demand.<\/p>\n\n\n\n<figure class=\"wp-block-embed is-type-video is-provider-youtube wp-block-embed-youtube wp-embed-aspect-16-9 wp-has-aspect-ratio\"><div class=\"wp-block-embed__wrapper\">\n<iframe loading=\"lazy\" title=\"Webinar - &quot;Conversaciones sobre los tiempos y el oficio de educar&quot;\" width=\"1110\" height=\"624\" src=\"https:\/\/www.youtube.com\/embed\/K-Hgc6dOvJ0?feature=oembed\" frameborder=\"0\" allow=\"accelerometer; autoplay; clipboard-write; encrypted-media; gyroscope; picture-in-picture\" allowfullscreen title=\"Webinar - \"Conversaciones sobre los tiempos y el oficio de educar\"\"><\/iframe>\n<\/div><\/figure>\n\n\n\n<p>Este es otra instancia para pensar la pol\u00edtica de Transformaci\u00f3n de la Secundaria Misionera, una iniciativa llevada adelante mediante la alianza estrat\u00e9gica con el Centro de Implementaci\u00f3n de Pol\u00edticas P\u00fablicas para la Equidad y el Crecimiento (CIPPEC) y con Natura; promovida por la subsecretaria de Educaci\u00f3n, Rosana \u00abCielo\u00bb Linares. El webinar se transmitir\u00e1 por Facebook y Youtube (del Ministerio de Educaci\u00f3n) el viernes 16 de septiembre a las 9 horas, y es co-organizado por la Universidad de San Andr\u00e9s (UdeSA).<\/p>\n\n\n\n<p>Hace muchos a\u00f1os Pepe Men\u00e9ndez trabaja en proyectos para transformar la secundaria junto a diferentes organismos internacionales (Unicef, OEI, Unesco, entre otros) y organizaciones de la sociedad civil. En Espa\u00f1a ha llevado adelante este tipo de iniciativas para m\u00e1s de 13.000 estudiantes. Ya ha visto secundarias cambiar su forma de pensar y de llevar adelante la relaci\u00f3n docente-estudiante, con particular \u00e9nfasis en que la innovaci\u00f3n depende tanto de la mirada de los docentes como de la gesti\u00f3n de la instituci\u00f3n, y no del estudiante.<\/p>\n\n\n\n<p>El objetivo de estas charlas es formar docentes que puedan alcanzar un equilibrio entre la cercan\u00eda con los estudiantes y la autoridad. Men\u00e9ndez sostiene que \u201cuna escuela que vale la pena es aquella donde la mirada del docente se enfoca en lo que el estudiante es antes que en lo que hace\u201d. Esta es una perspectiva que prioriza la construcci\u00f3n del proyecto vital del estudiante por encima de los contenidos, y que como punto de partida toda escuela debe considerar que todos los alumnos quieren y pueden aprender. El disertante comenta al respecto: \u201cSi hay una resistencia en el estudiante, esa escuela le busca la vuelta. Pero si yo creo que mis alumnos no pueden, acaban no pudiendo: es una profec\u00eda autocumplida\u201d.<\/p>\n\n\n\n<p>La Pol\u00edtica de Transformaci\u00f3n de la Secundaria es una iniciativa de la Subsecretar\u00eda de Educaci\u00f3n que se materializa en un trabajo colectivo que busca que los estudiantes secundarios puedan ejercer su derecho a la educaci\u00f3n, completar sus trayectorias, llevarlas a cabo satisfactoriamente y eviten y superen instancias de frustraci\u00f3n y de quiebre. Escuchar a quienes han dedicado su vida a estudiar y comprender la complejidad de la educaci\u00f3n es un di\u00e1logo necesario para potenciar la reflexi\u00f3n cr\u00edtica que se requiere para acompa\u00f1ar el paso por la secundaria de los misioneros.<\/p>\n\n\n\n<p>En estos links pod\u00e9s ver los otros webinares realizados en el marco de la transformaci\u00f3n de la secundaria misionera:<\/p>\n\n\n\n<p>Webinar de Rebeca Anijovich: \u201cLa evaluaci\u00f3n formativa\u201d<br><a href=\"https:\/\/m.facebook.com\/ministeriodeeducacion.demisiones\/videos\/1493073304394813\/?locale2=ne_NP\" target=\"_blank\" rel=\"noreferrer noopener\">https:\/\/m.facebook.com\/ministeriodeeducacion.demisiones\/videos\/1493073304394813\/?locale2=ne_NP<\/a><\/p>\n\n\n\n<p>Webinar de Melina Furman: \u201cEnse\u00f1ar distinto en la escuela secundaria: c\u00f3mo crear una cultura de pensamiento en las aulas\u201d<br><a href=\"https:\/\/www.facebook.com\/watch\/live\/?ref=watch_permalink&amp;v=410575267083751\" target=\"_blank\" rel=\"noreferrer noopener\">https:\/\/www.facebook.com\/watch\/live\/?ref=watch_permalink&amp;v=410575267083751<\/a><\/p>\n\n\n\n<p>Webinar de Axel Rivas: \u201c\u00bfC\u00f3mo pueden las escuelas potenciar los aprendizajes de sus estudiantes?\u201d<br><a href=\"https:\/\/www.facebook.com\/watch\/live\/?ref=watch_permalink&amp;v=338078511747798\" target=\"_blank\" rel=\"noreferrer noopener\">https:\/\/www.facebook.com\/watch\/live\/?ref=watch_permalink&amp;v=338078511747798<\/a><\/p>\n\n\n\n<p>Webinar de Graciela Frigerio: \u201cConversaciones sobre los tiempos y el oficio de educar\u201d<br><a href=\"https:\/\/www.youtube.com\/watch?v=K-Hgc6dOvJ0\" target=\"_blank\" rel=\"noreferrer noopener\">https:\/\/www.youtube.com\/watch?v=K-Hgc6dOvJ0<\/a><\/p>\n","protected":false},"excerpt":{"rendered":"<p>Especialista en liderazgo, innovaci&oacute;n educativa y gesti&oacute;n del cambio en instituciones educativas, autor de &ldquo;Escuelas que valgan la pena&rdquo; (2020, Paid&oacute;s, Argentina) y co-autor de la colecci&oacute;n de libros &ldquo;Transformando&hellip; <\/p>\n","protected":false},"author":3,"featured_media":1920,"comment_status":"closed","ping_status":"open","sticky":false,"template":"","format":"standard","meta":{"_monsterinsights_skip_tracking":false,"_monsterinsights_sitenote_active":false,"_monsterinsights_sitenote_note":"","_monsterinsights_sitenote_category":0},"categories":[3],"tags":[26],"aioseo_notices":[],"_links":{"self":[{"href":"https:\/\/radionewsmisiones.ar\/site\/wp-json\/wp\/v2\/posts\/1918"}],"collection":[{"href":"https:\/\/radionewsmisiones.ar\/site\/wp-json\/wp\/v2\/posts"}],"about":[{"href":"https:\/\/radionewsmisiones.ar\/site\/wp-json\/wp\/v2\/types\/post"}],"author":[{"embeddable":true,"href":"https:\/\/radionewsmisiones.ar\/site\/wp-json\/wp\/v2\/users\/3"}],"replies":[{"embeddable":true,"href":"https:\/\/radionewsmisiones.ar\/site\/wp-json\/wp\/v2\/comments?post=1918"}],"version-history":[{"count":1,"href":"https:\/\/radionewsmisiones.ar\/site\/wp-json\/wp\/v2\/posts\/1918\/revisions"}],"predecessor-version":[{"id":1921,"href":"https:\/\/radionewsmisiones.ar\/site\/wp-json\/wp\/v2\/posts\/1918\/revisions\/1921"}],"wp:featuredmedia":[{"embeddable":true,"href":"https:\/\/radionewsmisiones.ar\/site\/wp-json\/wp\/v2\/media\/1920"}],"wp:attachment":[{"href":"https:\/\/radionewsmisiones.ar\/site\/wp-json\/wp\/v2\/media?parent=1918"}],"wp:term":[{"taxonomy":"category","embeddable":true,"href":"https:\/\/radionewsmisiones.ar\/site\/wp-json\/wp\/v2\/categories?post=1918"},{"taxonomy":"post_tag","embeddable":true,"href":"https:\/\/radionewsmisiones.ar\/site\/wp-json\/wp\/v2\/tags?post=1918"}],"curies":[{"name":"wp","href":"https:\/\/api.w.org\/{rel}","templated":true}]}}