{"id":1933,"date":"2022-09-15T22:46:08","date_gmt":"2022-09-16T01:46:08","guid":{"rendered":"https:\/\/radionewsmisiones.ar\/site\/?p=1933"},"modified":"2022-09-15T22:46:12","modified_gmt":"2022-09-16T01:46:12","slug":"compactaran-y-reciclaran-moviles-policiales-en-desuso-para-preservar-el-medioambiente","status":"publish","type":"post","link":"https:\/\/radionewsmisiones.ar\/site\/provinciales\/compactaran-y-reciclaran-moviles-policiales-en-desuso-para-preservar-el-medioambiente\/","title":{"rendered":"Compactar\u00e1n y reciclar\u00e1n m\u00f3viles policiales en desuso para preservar el medioambiente"},"content":{"rendered":"\n<p>Con el objetivo de preservar el medioambiente y reducir riesgos para la salud, el Ministerio de<br>Gobierno de la Provincia de Misiones acord\u00f3 con la empresa Mafaci SRL la compactaci\u00f3n de<br>m\u00f3viles policiales que est\u00e1n en desuso o avanzado deterioro<br>Posadas. En el marco del el Programa Nacional de Descontaminaci\u00f3n, Compactaci\u00f3n y<br>Disposici\u00f3n Final de Automotores (PRONACOM), el ministro de Gobierno, Marcelo P\u00e9rez, firm\u00f3<br>un convenio con el titular de la firma Mafaci SRL, Carlos Pona, para llevar adelante la<br>remoci\u00f3n, descontaminaci\u00f3n, compactaci\u00f3n y disposici\u00f3n final de los veh\u00edculos y autopartes<br>depositados en los predios que posee la fuerza provincial.<br>\u201cDesde nuestro lugar estamos aportando en una Provincia en la cual la pol\u00edtica ambiental est\u00e1<br>a tope de la agenda\u201d, resalt\u00f3 el ministro de Gobierno, Marcelo P\u00e9rez.<br>Participaron de la firma, el subsecretario de Seguridad y Justicia, Ariel Marinoni; los<br>integrantes de la Direcci\u00f3n de Asuntos Jur\u00eddicos del Ministerio de Gobierno, Pedro Duarte y<br>Nicole Gauvry, y el responsable de la divisi\u00f3n Compactaciones de Mafaci SRL, Cristian<br>M\u00e1rquez.<\/p>\n\n\n\n<figure class=\"wp-block-image size-large\"><img loading=\"lazy\" width=\"1024\" height=\"742\" src=\"https:\/\/radionewsmisiones.ar\/site\/wp-content\/uploads\/2022\/09\/Compactacion-moviles-1024x742.jpg\" alt=\"\" class=\"wp-image-1934\" srcset=\"https:\/\/radionewsmisiones.ar\/site\/wp-content\/uploads\/2022\/09\/Compactacion-moviles-1024x742.jpg 1024w, https:\/\/radionewsmisiones.ar\/site\/wp-content\/uploads\/2022\/09\/Compactacion-moviles-300x217.jpg 300w, https:\/\/radionewsmisiones.ar\/site\/wp-content\/uploads\/2022\/09\/Compactacion-moviles-768x556.jpg 768w, https:\/\/radionewsmisiones.ar\/site\/wp-content\/uploads\/2022\/09\/Compactacion-moviles.jpg 1416w\" sizes=\"(max-width: 1024px) 100vw, 1024px\" \/><\/figure>\n","protected":false},"excerpt":{"rendered":"<p>Con el objetivo de preservar el medioambiente y reducir riesgos para la salud, el Ministerio deGobierno de la Provincia de Misiones acord&oacute; con la empresa Mafaci SRL la compactaci&oacute;n dem&oacute;viles&hellip; <\/p>\n","protected":false},"author":3,"featured_media":1934,"comment_status":"closed","ping_status":"open","sticky":false,"template":"","format":"standard","meta":{"_monsterinsights_skip_tracking":false,"_monsterinsights_sitenote_active":false,"_monsterinsights_sitenote_note":"","_monsterinsights_sitenote_category":0},"categories":[3],"tags":[],"aioseo_notices":[],"_links":{"self":[{"href":"https:\/\/radionewsmisiones.ar\/site\/wp-json\/wp\/v2\/posts\/1933"}],"collection":[{"href":"https:\/\/radionewsmisiones.ar\/site\/wp-json\/wp\/v2\/posts"}],"about":[{"href":"https:\/\/radionewsmisiones.ar\/site\/wp-json\/wp\/v2\/types\/post"}],"author":[{"embeddable":true,"href":"https:\/\/radionewsmisiones.ar\/site\/wp-json\/wp\/v2\/users\/3"}],"replies":[{"embeddable":true,"href":"https:\/\/radionewsmisiones.ar\/site\/wp-json\/wp\/v2\/comments?post=1933"}],"version-history":[{"count":1,"href":"https:\/\/radionewsmisiones.ar\/site\/wp-json\/wp\/v2\/posts\/1933\/revisions"}],"predecessor-version":[{"id":1935,"href":"https:\/\/radionewsmisiones.ar\/site\/wp-json\/wp\/v2\/posts\/1933\/revisions\/1935"}],"wp:featuredmedia":[{"embeddable":true,"href":"https:\/\/radionewsmisiones.ar\/site\/wp-json\/wp\/v2\/media\/1934"}],"wp:attachment":[{"href":"https:\/\/radionewsmisiones.ar\/site\/wp-json\/wp\/v2\/media?parent=1933"}],"wp:term":[{"taxonomy":"category","embeddable":true,"href":"https:\/\/radionewsmisiones.ar\/site\/wp-json\/wp\/v2\/categories?post=1933"},{"taxonomy":"post_tag","embeddable":true,"href":"https:\/\/radionewsmisiones.ar\/site\/wp-json\/wp\/v2\/tags?post=1933"}],"curies":[{"name":"wp","href":"https:\/\/api.w.org\/{rel}","templated":true}]}}