{"id":1936,"date":"2022-09-15T22:48:51","date_gmt":"2022-09-16T01:48:51","guid":{"rendered":"https:\/\/radionewsmisiones.ar\/site\/?p=1936"},"modified":"2022-09-15T22:48:56","modified_gmt":"2022-09-16T01:48:56","slug":"wado-de-pedro-junto-a-los-gobernadores-del-norte-grande-inician-gira-por-estados-unidos-el-proximo-lunes-25","status":"publish","type":"post","link":"https:\/\/radionewsmisiones.ar\/site\/nacionales\/wado-de-pedro-junto-a-los-gobernadores-del-norte-grande-inician-gira-por-estados-unidos-el-proximo-lunes-25\/","title":{"rendered":"Wado de Pedro junto a los gobernadores del Norte Grande inician gira por Estados Unidos el pr\u00f3ximo lunes 25\u00a0"},"content":{"rendered":"\n<p>El ministro del Interior, Wado de Pedro, junto a los gobernadores de la Regi\u00f3n del Norte Grande mantuvieron este jueves sendos encuentros con el embajador de Estados Unidos en Argentina, Marc Stanley, y el ministro de Econom\u00eda, Sergio Massa, para delinear la gira que emprender\u00e1n por Estados Unidos desde el pr\u00f3ximo lunes 25, encabezada por el titular de la cartera de Interior y los diez gobernadores de la regi\u00f3n.<\/p>\n\n\n\n<figure class=\"wp-block-image size-large\"><img loading=\"lazy\" width=\"1024\" height=\"683\" src=\"https:\/\/radionewsmisiones.ar\/site\/wp-content\/uploads\/2022\/09\/oha-1024x683.jpg\" alt=\"\" class=\"wp-image-1937\" srcset=\"https:\/\/radionewsmisiones.ar\/site\/wp-content\/uploads\/2022\/09\/oha-1024x683.jpg 1024w, https:\/\/radionewsmisiones.ar\/site\/wp-content\/uploads\/2022\/09\/oha-300x200.jpg 300w, https:\/\/radionewsmisiones.ar\/site\/wp-content\/uploads\/2022\/09\/oha-768x512.jpg 768w, https:\/\/radionewsmisiones.ar\/site\/wp-content\/uploads\/2022\/09\/oha-1536x1024.jpg 1536w, https:\/\/radionewsmisiones.ar\/site\/wp-content\/uploads\/2022\/09\/oha-2048x1365.jpg 2048w\" sizes=\"(max-width: 1024px) 100vw, 1024px\" \/><\/figure>\n\n\n\n<p>Luego de un almuerzo de trabajo en la Embajada de Estados Unidos con Stanley, los gobernadores y de Pedro se reunieron con Sergio Massa en el Sal\u00f3n de los Escudos de Casa Rosada, donde analizaron la agenda a desarrollar entre el 26 y el 30 de septiembre en las ciudades de Washington y Nueva York, donde prev\u00e9n mantener encuentros con empresarios y dirigentes pol\u00edticos de Estados Unidos.<\/p>\n\n\n\n<p>Tras la reuni\u00f3n en Rosada, el ministro de Pedro asegur\u00f3 que la gira \u00abtiene que ver con potenciar una regi\u00f3n de la Argentina que implica dos tercios del territorio argentino, potenciar a las diez 10 provincias que tienen lo que el mundo necesita hoy, energ\u00eda, ganader\u00eda, agricultura, y hay muchas empresas del norte argentino que tienen la posibilidad de seguir creciendo\u00bb.<\/p>\n\n\n\n<p>En ese sentido, sostuvo que el objetivo del Gobierno nacional \u00absigue siendo generar trabajo, y para generar trabajo tenemos que hacer misiones como la que hizo Sergio Massa que destrab\u00f3 situaciones que ten\u00edamos en el BID, en el Banco Mundial, y en otros organismos internacionales\u00bb.<\/p>\n\n\n\n<p>Junto a de Pedro viajar\u00e1n los mandatarios Gildo Insfr\u00e1n (Formosa), Gerardo Zamora (Santiago del Estero), Osvaldo Jaldo (Tucum\u00e1n), Ricardo Quintela (La Rioja), Ra\u00fal Jalil (Catamarca), Oscar Herrera Ahuad (Misiones), Gerardo Morales (Jujuy), Gustavo Vald\u00e9s (Corrientes), Jorge Capitanich (Chaco) y&nbsp; Gustavo S\u00e1enz (Salta). Este \u00faltimo, adem\u00e1s de Vald\u00e9s, no participaron de los encuentros previos de este jueves por cuestiones de agenda, mientras que Morales asisti\u00f3 al almuerzo de la embajada.<\/p>\n\n\n\n<p>A su turno el ministro Massa, quien recientemente realiz\u00f3 una gira por Estados Unidos, resalt\u00f3 que desde su cartera \u00abvenimos trabajando en conjunto con el Ministerio del Interior, que lleva adelante el Plan Federal de Inversiones y en ese sentido, para el desarrollo de la actividad minera, para el desarrollo de la actividad agr\u00edcola-ganadera, entendiendo que en la Argentina se corri\u00f3 la frontera agr\u00edcola ganadera, y para el desarrollo de lo que es la actividad energ\u00e9tica, este viaje que lidera el Ministerio del Interior es muy importante para generar trabajo e inversiones para las provincias del Norte Argentino\u00bb.&nbsp;<\/p>\n\n\n\n<p>En tanto el gobernador de Santiago del Estero, Gerardo Zamora, sostuvo como presidente pro tempore del bloque que los mandatarios intentar\u00e1n \u00abplasmar una oferta exportable\u00bb, con la idea de \u00abllevar adelante nuestra propuesta tur\u00edstica, las posibilidades de inversi\u00f3n\u00bb, para lo cual se dispusieron \u00abmesas especiales que tienen que ver con la cuesti\u00f3n del litio, del algod\u00f3n. Somos una regi\u00f3n importante con un potencial importante, bastante heterog\u00e9neo pero con intereses comunes\u00bb, cerr\u00f3.<\/p>\n","protected":false},"excerpt":{"rendered":"<p>El ministro del Interior, Wado de Pedro, junto a los gobernadores de la Regi&oacute;n del Norte Grande mantuvieron este jueves sendos encuentros con el embajador de Estados Unidos en Argentina,&hellip; <\/p>\n","protected":false},"author":3,"featured_media":1938,"comment_status":"closed","ping_status":"open","sticky":false,"template":"","format":"standard","meta":{"_monsterinsights_skip_tracking":false,"_monsterinsights_sitenote_active":false,"_monsterinsights_sitenote_note":"","_monsterinsights_sitenote_category":0},"categories":[4],"tags":[],"aioseo_notices":[],"_links":{"self":[{"href":"https:\/\/radionewsmisiones.ar\/site\/wp-json\/wp\/v2\/posts\/1936"}],"collection":[{"href":"https:\/\/radionewsmisiones.ar\/site\/wp-json\/wp\/v2\/posts"}],"about":[{"href":"https:\/\/radionewsmisiones.ar\/site\/wp-json\/wp\/v2\/types\/post"}],"author":[{"embeddable":true,"href":"https:\/\/radionewsmisiones.ar\/site\/wp-json\/wp\/v2\/users\/3"}],"replies":[{"embeddable":true,"href":"https:\/\/radionewsmisiones.ar\/site\/wp-json\/wp\/v2\/comments?post=1936"}],"version-history":[{"count":1,"href":"https:\/\/radionewsmisiones.ar\/site\/wp-json\/wp\/v2\/posts\/1936\/revisions"}],"predecessor-version":[{"id":1939,"href":"https:\/\/radionewsmisiones.ar\/site\/wp-json\/wp\/v2\/posts\/1936\/revisions\/1939"}],"wp:featuredmedia":[{"embeddable":true,"href":"https:\/\/radionewsmisiones.ar\/site\/wp-json\/wp\/v2\/media\/1938"}],"wp:attachment":[{"href":"https:\/\/radionewsmisiones.ar\/site\/wp-json\/wp\/v2\/media?parent=1936"}],"wp:term":[{"taxonomy":"category","embeddable":true,"href":"https:\/\/radionewsmisiones.ar\/site\/wp-json\/wp\/v2\/categories?post=1936"},{"taxonomy":"post_tag","embeddable":true,"href":"https:\/\/radionewsmisiones.ar\/site\/wp-json\/wp\/v2\/tags?post=1936"}],"curies":[{"name":"wp","href":"https:\/\/api.w.org\/{rel}","templated":true}]}}