{"id":1940,"date":"2022-09-15T22:52:12","date_gmt":"2022-09-16T01:52:12","guid":{"rendered":"https:\/\/radionewsmisiones.ar\/site\/?p=1940"},"modified":"2022-09-15T22:52:19","modified_gmt":"2022-09-16T01:52:19","slug":"fernandez-podemos-convertir-a-la-argentina-en-un-enorme-proveedor-de-energia","status":"publish","type":"post","link":"https:\/\/radionewsmisiones.ar\/site\/nacionales\/fernandez-podemos-convertir-a-la-argentina-en-un-enorme-proveedor-de-energia\/","title":{"rendered":"Fern\u00e1ndez: \u00abPodemos convertir a la Argentina en un enorme proveedor de energ\u00eda\u00bb"},"content":{"rendered":"\n<p>El presidente Alberto Fern\u00e1ndez y el ministro de Econom\u00eda, Sergio Massa, encabezaron en Casa de Gobierno un acto para el lanzamiento de estos planes que contemplan la pr\u00f3rroga de los llamados realizados a partir de 2020. El presidente Alberto Fern\u00e1ndez asegur\u00f3 que el Gobierno va a \u00abconstruir un sistema legal que d\u00e9 certezas al sector hidrocarbur\u00edfero\u00bb, para \u00abaprovechar las oportunidades que la Argentina no debe dejar pasar\u00bb, al encabezar este jueves el lanzamiento del Plan Gas IV y V en el Museo del Bicentenario de Casa de Gobierno.<\/p>\n\n\n\n<figure class=\"wp-block-embed is-type-video is-provider-youtube wp-block-embed-youtube wp-embed-aspect-16-9 wp-has-aspect-ratio\"><div class=\"wp-block-embed__wrapper\">\n<iframe loading=\"lazy\" title=\"El presidente Alberto Fern\u00e1ndez present\u00f3 el Plan Gas 4 y 5 de Sustentabilidad Energ\u00e9tica.\" width=\"1110\" height=\"624\" src=\"https:\/\/www.youtube.com\/embed\/WCDCubZ_Dm4?feature=oembed\" frameborder=\"0\" allow=\"accelerometer; autoplay; clipboard-write; encrypted-media; gyroscope; picture-in-picture\" allowfullscreen><\/iframe>\n<\/div><\/figure>\n\n\n\n<p>\u00abVamos a seguir adelante con todos los incentivos, dando la normativa necesaria que la actividad est\u00e1 reclamando, y vamos a exigirles inversi\u00f3n, producci\u00f3n y trabajo a quienes se beneficien con eso\u00bb, afirm\u00f3 Fern\u00e1ndez durante un acto en el que estuvo acompa\u00f1ado por el ministro de Econom\u00eda, Sergio Massa, y la secretaria de Energ\u00eda, Flavia Royon.<\/p>\n\n\n\n<p>Tambi\u00e9n participaron del encuentro, los gobernadores de Neuqu\u00e9n, Omar Guti\u00e9rrez, de Chubut, Mariano Arcioni; y de R\u00edo negro, Arabela Carreras, junto a directivos de empresas petroleras y dirigentes gremiales del sector.<\/p>\n\n\n\n<p>De esta forma, el Gobierno nacional lanz\u00f3 el Plan Gas IV que consistir\u00e1 en la convocatoria a las empresas para prorrogar los contratos vigentes hasta 2024, y la convocatoria al Plan Gas V con el que se buscar\u00e1 asegurar la producci\u00f3n incremental que requerir\u00e1 el abastecimiento de la primera etapa del Gasoducto N\u00e9stor Kirchner que se encuentra en etapa de construcci\u00f3n.<\/p>\n\n\n\n<p>Fern\u00e1ndez asegur\u00f3 que se puede \u00abconvertir a la Argentina en un enorme proveedor de energ\u00eda\u00bb, lo que requiere un \u00abnuevo dise\u00f1o de desarrollo\u00bb que vea la manera de<strong> \u00abaprovechar el gas\u00bb<\/strong> que tiene el pa\u00eds y que el mundo y los argentinos necesitan, seg\u00fan defini\u00f3.<\/p>\n","protected":false},"excerpt":{"rendered":"<p>El presidente Alberto Fern&aacute;ndez y el ministro de Econom&iacute;a, Sergio Massa, encabezaron en Casa de Gobierno un acto para el lanzamiento de estos planes que contemplan la pr&oacute;rroga de los&hellip; <\/p>\n","protected":false},"author":3,"featured_media":1941,"comment_status":"closed","ping_status":"open","sticky":false,"template":"","format":"standard","meta":{"_monsterinsights_skip_tracking":false,"_monsterinsights_sitenote_active":false,"_monsterinsights_sitenote_note":"","_monsterinsights_sitenote_category":0},"categories":[4],"tags":[],"aioseo_notices":[],"_links":{"self":[{"href":"https:\/\/radionewsmisiones.ar\/site\/wp-json\/wp\/v2\/posts\/1940"}],"collection":[{"href":"https:\/\/radionewsmisiones.ar\/site\/wp-json\/wp\/v2\/posts"}],"about":[{"href":"https:\/\/radionewsmisiones.ar\/site\/wp-json\/wp\/v2\/types\/post"}],"author":[{"embeddable":true,"href":"https:\/\/radionewsmisiones.ar\/site\/wp-json\/wp\/v2\/users\/3"}],"replies":[{"embeddable":true,"href":"https:\/\/radionewsmisiones.ar\/site\/wp-json\/wp\/v2\/comments?post=1940"}],"version-history":[{"count":1,"href":"https:\/\/radionewsmisiones.ar\/site\/wp-json\/wp\/v2\/posts\/1940\/revisions"}],"predecessor-version":[{"id":1942,"href":"https:\/\/radionewsmisiones.ar\/site\/wp-json\/wp\/v2\/posts\/1940\/revisions\/1942"}],"wp:featuredmedia":[{"embeddable":true,"href":"https:\/\/radionewsmisiones.ar\/site\/wp-json\/wp\/v2\/media\/1941"}],"wp:attachment":[{"href":"https:\/\/radionewsmisiones.ar\/site\/wp-json\/wp\/v2\/media?parent=1940"}],"wp:term":[{"taxonomy":"category","embeddable":true,"href":"https:\/\/radionewsmisiones.ar\/site\/wp-json\/wp\/v2\/categories?post=1940"},{"taxonomy":"post_tag","embeddable":true,"href":"https:\/\/radionewsmisiones.ar\/site\/wp-json\/wp\/v2\/tags?post=1940"}],"curies":[{"name":"wp","href":"https:\/\/api.w.org\/{rel}","templated":true}]}}