{"id":1949,"date":"2022-09-16T20:39:07","date_gmt":"2022-09-16T23:39:07","guid":{"rendered":"https:\/\/radionewsmisiones.ar\/site\/?p=1949"},"modified":"2022-09-16T20:39:11","modified_gmt":"2022-09-16T23:39:11","slug":"en-la-camara-de-representantes-de-la-provincia-se-lleva-adelante-la-ix-jornada-perinatologica","status":"publish","type":"post","link":"https:\/\/radionewsmisiones.ar\/site\/provinciales\/en-la-camara-de-representantes-de-la-provincia-se-lleva-adelante-la-ix-jornada-perinatologica\/","title":{"rendered":"En la C\u00e1mara de Representantes de la provincia se lleva adelante la IX Jornada Perinatol\u00f3gica"},"content":{"rendered":"\n<p>Bajo el lema \u00abLa Interdisciplina como estrategia de atenci\u00f3n en salud perinatol\u00f3gica\u00bb, comenz\u00f3 hoy, 16 de septiembre, esta jornada que, propiciada por el Ministerio de Salud de Misiones y otros organismos, concentrar\u00e1, durante dos d\u00edas consecutivos, a profesionales de distintas \u00e1reas, con el objeto de intercambiar ideas e inspirar a quienes deseen convertirse en profesionales en el futuro, para motivarlos e introducirlos en el mundo de la perinatolog\u00eda.<\/p>\n\n\n\n<figure class=\"wp-block-image size-large\"><img loading=\"lazy\" width=\"1024\" height=\"683\" src=\"https:\/\/radionewsmisiones.ar\/site\/wp-content\/uploads\/2022\/09\/WhatsApp-Image-2022-09-16-at-15.23.00-1024x683.jpeg\" alt=\"\" class=\"wp-image-1950\" srcset=\"https:\/\/radionewsmisiones.ar\/site\/wp-content\/uploads\/2022\/09\/WhatsApp-Image-2022-09-16-at-15.23.00-1024x683.jpeg 1024w, https:\/\/radionewsmisiones.ar\/site\/wp-content\/uploads\/2022\/09\/WhatsApp-Image-2022-09-16-at-15.23.00-300x200.jpeg 300w, https:\/\/radionewsmisiones.ar\/site\/wp-content\/uploads\/2022\/09\/WhatsApp-Image-2022-09-16-at-15.23.00-768x512.jpeg 768w, https:\/\/radionewsmisiones.ar\/site\/wp-content\/uploads\/2022\/09\/WhatsApp-Image-2022-09-16-at-15.23.00-1536x1024.jpeg 1536w, https:\/\/radionewsmisiones.ar\/site\/wp-content\/uploads\/2022\/09\/WhatsApp-Image-2022-09-16-at-15.23.00.jpeg 1600w\" sizes=\"(max-width: 1024px) 100vw, 1024px\" \/><\/figure>\n\n\n\n<p>La apertura del encuentro cont\u00f3 con la presencia del vicegobernador, Carlos Arce, quien destac\u00f3 la iniciativa por tratarse de \u00abuna disciplina que aborda un per\u00edodo amplio de la vida de una familia. Es un espacio de contenci\u00f3n de gran valor para la sociedad misionera en materia de salud\u00bb.<\/p>\n\n\n\n<p>La perinatolog\u00eda cubre al per\u00edodo de cuidado requerido al comienzo de cualquier embarazo, todo el per\u00edodo de embarazo en s\u00ed, y al per\u00edodo posterior al nacimiento, incluyendo tanto al cuidado de la madre como del hijo.<\/p>\n\n\n\n<p>Esta edici\u00f3n est\u00e1 orientada al abordaje de la multidisciplinariedad y la multiculturalidad, con invitados del \u00e1rea de psicolog\u00eda, obstetricia, enfermer\u00eda, medicina, y administraci\u00f3n, entre otros, que hablar\u00e1n de temas variados.<\/p>\n\n\n\n<p>Acompa\u00f1aron la mesa de apertura, el ministro de Salud P\u00fablica, Oscar Alarc\u00f3n; el diputado provincial, Mart\u00edn Cesino; el Gerente Asistencial del Hospital Materno Neonatal, doctor Davi Halac; y la doctora Gabriela Mattos, M\u00e9dica Obstetra del Hospital Materno Neonatal, coordinadora de la jornada.<\/p>\n","protected":false},"excerpt":{"rendered":"<p>Bajo el lema &laquo;La Interdisciplina como estrategia de atenci&oacute;n en salud perinatol&oacute;gica&raquo;, comenz&oacute; hoy, 16 de septiembre, esta jornada que, propiciada por el Ministerio de Salud de Misiones y otros&hellip; <\/p>\n","protected":false},"author":3,"featured_media":1951,"comment_status":"closed","ping_status":"open","sticky":false,"template":"","format":"standard","meta":{"_monsterinsights_skip_tracking":false,"_monsterinsights_sitenote_active":false,"_monsterinsights_sitenote_note":"","_monsterinsights_sitenote_category":0},"categories":[3],"tags":[7],"aioseo_notices":[],"_links":{"self":[{"href":"https:\/\/radionewsmisiones.ar\/site\/wp-json\/wp\/v2\/posts\/1949"}],"collection":[{"href":"https:\/\/radionewsmisiones.ar\/site\/wp-json\/wp\/v2\/posts"}],"about":[{"href":"https:\/\/radionewsmisiones.ar\/site\/wp-json\/wp\/v2\/types\/post"}],"author":[{"embeddable":true,"href":"https:\/\/radionewsmisiones.ar\/site\/wp-json\/wp\/v2\/users\/3"}],"replies":[{"embeddable":true,"href":"https:\/\/radionewsmisiones.ar\/site\/wp-json\/wp\/v2\/comments?post=1949"}],"version-history":[{"count":1,"href":"https:\/\/radionewsmisiones.ar\/site\/wp-json\/wp\/v2\/posts\/1949\/revisions"}],"predecessor-version":[{"id":1952,"href":"https:\/\/radionewsmisiones.ar\/site\/wp-json\/wp\/v2\/posts\/1949\/revisions\/1952"}],"wp:featuredmedia":[{"embeddable":true,"href":"https:\/\/radionewsmisiones.ar\/site\/wp-json\/wp\/v2\/media\/1951"}],"wp:attachment":[{"href":"https:\/\/radionewsmisiones.ar\/site\/wp-json\/wp\/v2\/media?parent=1949"}],"wp:term":[{"taxonomy":"category","embeddable":true,"href":"https:\/\/radionewsmisiones.ar\/site\/wp-json\/wp\/v2\/categories?post=1949"},{"taxonomy":"post_tag","embeddable":true,"href":"https:\/\/radionewsmisiones.ar\/site\/wp-json\/wp\/v2\/tags?post=1949"}],"curies":[{"name":"wp","href":"https:\/\/api.w.org\/{rel}","templated":true}]}}