{"id":1953,"date":"2022-09-16T20:44:28","date_gmt":"2022-09-16T23:44:28","guid":{"rendered":"https:\/\/radionewsmisiones.ar\/site\/?p=1953"},"modified":"2022-09-16T20:44:33","modified_gmt":"2022-09-16T23:44:33","slug":"el-vicegobernador-en-san-jose-los-productores-apuestan-al-crecimiento-y-los-acompanamos-comprometidamente","status":"publish","type":"post","link":"https:\/\/radionewsmisiones.ar\/site\/provinciales\/el-vicegobernador-en-san-jose-los-productores-apuestan-al-crecimiento-y-los-acompanamos-comprometidamente\/","title":{"rendered":"El vicegobernador en San Jos\u00e9: \u00abLos productores apuestan al crecimiento y los acompa\u00f1amos comprometidamente\u00bb"},"content":{"rendered":"\n<p>El vicegobernador Carlos Arce visit\u00f3 la chacra ovina de Pepe Sadaniowski en San Jos\u00e9 donde se inauguraron obras con fondos de la Ley Ovina.<\/p>\n\n\n\n<figure class=\"wp-block-image size-large\"><img loading=\"lazy\" width=\"1024\" height=\"577\" src=\"https:\/\/radionewsmisiones.ar\/site\/wp-content\/uploads\/2022\/09\/WhatsApp-Image-2022-09-16-at-14.10.07-1024x577.jpeg\" alt=\"\" class=\"wp-image-1954\" srcset=\"https:\/\/radionewsmisiones.ar\/site\/wp-content\/uploads\/2022\/09\/WhatsApp-Image-2022-09-16-at-14.10.07-1024x577.jpeg 1024w, https:\/\/radionewsmisiones.ar\/site\/wp-content\/uploads\/2022\/09\/WhatsApp-Image-2022-09-16-at-14.10.07-300x169.jpeg 300w, https:\/\/radionewsmisiones.ar\/site\/wp-content\/uploads\/2022\/09\/WhatsApp-Image-2022-09-16-at-14.10.07-768x432.jpeg 768w, https:\/\/radionewsmisiones.ar\/site\/wp-content\/uploads\/2022\/09\/WhatsApp-Image-2022-09-16-at-14.10.07.jpeg 1156w\" sizes=\"(max-width: 1024px) 100vw, 1024px\" \/><\/figure>\n\n\n\n<p><br>San Jos\u00e9. El vicegobernador Carlos Arce visit\u00f3 la chacra ovina de Pepe Sadaniowski donde se inaugur\u00f3 un predio con galp\u00f3n financiado con fondos de Ley Ovina.<\/p>\n\n\n\n<p>En diciembre el productor adquiri\u00f3 un carnero Dorper del Centro Gen\u00e9tico de la provincia y paneles solares para alambrado el\u00e9ctrico para prevenir ataques de felinos como parte del acompa\u00f1amiento del Gobierno Provincial a la producci\u00f3n en Misiones.<\/p>\n\n\n\n<p>Acompa\u00f1aron en la visita al vicegobernador Carlos Arce, el subsecretario de Desarrollo y Producci\u00f3n Animal del Ministerio del Agro Sebasti\u00e1n Rodr\u00edguez y el responsable del sector Ovino Ricardo Spachuk, los intendentes de San Jos\u00e9 Jorge Tenaschuk y de Fachinal Miguel \u00c1ngel Ben\u00edtez, representante del INYM Ricardo Maciel, equipo t\u00e9cnico del INTA e integrantes de la Mesa de Gesti\u00f3n de la Cuenca Ovino Caprina Zona Sur.<\/p>\n","protected":false},"excerpt":{"rendered":"<p>El vicegobernador Carlos Arce visit&oacute; la chacra ovina de Pepe Sadaniowski en San Jos&eacute; donde se inauguraron obras con fondos de la Ley Ovina. San Jos&eacute;. El vicegobernador Carlos Arce&hellip; <\/p>\n","protected":false},"author":3,"featured_media":1955,"comment_status":"closed","ping_status":"open","sticky":false,"template":"","format":"standard","meta":{"_monsterinsights_skip_tracking":false,"_monsterinsights_sitenote_active":false,"_monsterinsights_sitenote_note":"","_monsterinsights_sitenote_category":0},"categories":[3],"tags":[56],"aioseo_notices":[],"_links":{"self":[{"href":"https:\/\/radionewsmisiones.ar\/site\/wp-json\/wp\/v2\/posts\/1953"}],"collection":[{"href":"https:\/\/radionewsmisiones.ar\/site\/wp-json\/wp\/v2\/posts"}],"about":[{"href":"https:\/\/radionewsmisiones.ar\/site\/wp-json\/wp\/v2\/types\/post"}],"author":[{"embeddable":true,"href":"https:\/\/radionewsmisiones.ar\/site\/wp-json\/wp\/v2\/users\/3"}],"replies":[{"embeddable":true,"href":"https:\/\/radionewsmisiones.ar\/site\/wp-json\/wp\/v2\/comments?post=1953"}],"version-history":[{"count":1,"href":"https:\/\/radionewsmisiones.ar\/site\/wp-json\/wp\/v2\/posts\/1953\/revisions"}],"predecessor-version":[{"id":1956,"href":"https:\/\/radionewsmisiones.ar\/site\/wp-json\/wp\/v2\/posts\/1953\/revisions\/1956"}],"wp:featuredmedia":[{"embeddable":true,"href":"https:\/\/radionewsmisiones.ar\/site\/wp-json\/wp\/v2\/media\/1955"}],"wp:attachment":[{"href":"https:\/\/radionewsmisiones.ar\/site\/wp-json\/wp\/v2\/media?parent=1953"}],"wp:term":[{"taxonomy":"category","embeddable":true,"href":"https:\/\/radionewsmisiones.ar\/site\/wp-json\/wp\/v2\/categories?post=1953"},{"taxonomy":"post_tag","embeddable":true,"href":"https:\/\/radionewsmisiones.ar\/site\/wp-json\/wp\/v2\/tags?post=1953"}],"curies":[{"name":"wp","href":"https:\/\/api.w.org\/{rel}","templated":true}]}}