{"id":1957,"date":"2022-09-16T20:46:30","date_gmt":"2022-09-16T23:46:30","guid":{"rendered":"https:\/\/radionewsmisiones.ar\/site\/?p=1957"},"modified":"2022-09-16T20:47:00","modified_gmt":"2022-09-16T23:47:00","slug":"capacitaciones-y-economia-circular-la-apuesta-de-los-talleres-manos-productivas","status":"publish","type":"post","link":"https:\/\/radionewsmisiones.ar\/site\/provinciales\/capacitaciones-y-economia-circular-la-apuesta-de-los-talleres-manos-productivas\/","title":{"rendered":"Capacitaciones y econom\u00eda circular, la apuesta de los talleres Manos Productivas"},"content":{"rendered":"\n<p>Las actividades de los cursos de oficios y emprendedurismo que dicta la Secretar\u00eda de Desarrollo Econ\u00f3mico se implementan desde la perspectiva de la econom\u00eda circular, en consonancia con las pol\u00edticas de sustentabilidad que ejecuta el municipio.<\/p>\n\n\n\n<figure class=\"wp-block-image size-large\"><img loading=\"lazy\" width=\"1024\" height=\"640\" src=\"https:\/\/radionewsmisiones.ar\/site\/wp-content\/uploads\/2022\/09\/WhatsApp-Image-2022-09-15-at-19.12.12-1024x640.jpeg\" alt=\"\" class=\"wp-image-1958\" srcset=\"https:\/\/radionewsmisiones.ar\/site\/wp-content\/uploads\/2022\/09\/WhatsApp-Image-2022-09-15-at-19.12.12-1024x640.jpeg 1024w, https:\/\/radionewsmisiones.ar\/site\/wp-content\/uploads\/2022\/09\/WhatsApp-Image-2022-09-15-at-19.12.12-300x188.jpeg 300w, https:\/\/radionewsmisiones.ar\/site\/wp-content\/uploads\/2022\/09\/WhatsApp-Image-2022-09-15-at-19.12.12-768x480.jpeg 768w, https:\/\/radionewsmisiones.ar\/site\/wp-content\/uploads\/2022\/09\/WhatsApp-Image-2022-09-15-at-19.12.12.jpeg 1280w\" sizes=\"(max-width: 1024px) 100vw, 1024px\" \/><\/figure>\n\n\n\n<p>A trav\u00e9s de los 50 cursos que realizan en los barrios se impulsa el fortalecimiento comunitario y los emprendimientos con salida laboral. M\u00e1s de 4.500 personas participan de los cursos y que, debido a su demanda, se sostienen en el tiempo.<\/p>\n\n\n\n<p>Estas propuestas tienen por objetivo, poner al alcance de los vecinos todas las herramientas disponibles que puedan significar un progreso econ\u00f3mico que resulte en la mejora de la calidad de vida de sus familias. Adem\u00e1s, busca ense\u00f1ar instrumentos fundamentales para multiplicar la llegada a clientes potenciales y alcanzar nuevos p\u00fablicos.<\/p>\n\n\n\n<p>\u201cLos participantes lograron un ingreso econ\u00f3mico a partir de la capacitaci\u00f3n que le brindamos y su emprendimiento. Adem\u00e1s, desde el Municipio brindamos diferentes espacios de comercializaci\u00f3n en las ferias y propuestas recreativas que se realizan en la ciudad\u201d, dijo la Directora General de Desarrollo Social y Local, Mirta B\u00e1ez.<\/p>\n\n\n\n<p>\u201cDurante los cursos se seleccionan a los que est\u00e1n preparados para trabajar. Cuando vemos que est\u00e1n listos, pueden formar parte de las cinco Unidades Productivas que tenemos, para que lleven a la pr\u00e1ctica sus conocimientos y perciban un pago por sus servicios\u201d, detall\u00f3.<\/p>\n\n\n\n<p>Para mayor informaci\u00f3n, los interesados deben comunicarse al n\u00famero 444-9094, de lunes a viernes, de 7 a 19 hs.<\/p>\n","protected":false},"excerpt":{"rendered":"<p>Las actividades de los cursos de oficios y emprendedurismo que dicta la Secretar&iacute;a de Desarrollo Econ&oacute;mico se implementan desde la perspectiva de la econom&iacute;a circular, en consonancia con las pol&iacute;ticas&hellip; <\/p>\n","protected":false},"author":3,"featured_media":1960,"comment_status":"closed","ping_status":"open","sticky":false,"template":"","format":"standard","meta":{"_monsterinsights_skip_tracking":false,"_monsterinsights_sitenote_active":false,"_monsterinsights_sitenote_note":"","_monsterinsights_sitenote_category":0},"categories":[3],"tags":[22],"aioseo_notices":[],"_links":{"self":[{"href":"https:\/\/radionewsmisiones.ar\/site\/wp-json\/wp\/v2\/posts\/1957"}],"collection":[{"href":"https:\/\/radionewsmisiones.ar\/site\/wp-json\/wp\/v2\/posts"}],"about":[{"href":"https:\/\/radionewsmisiones.ar\/site\/wp-json\/wp\/v2\/types\/post"}],"author":[{"embeddable":true,"href":"https:\/\/radionewsmisiones.ar\/site\/wp-json\/wp\/v2\/users\/3"}],"replies":[{"embeddable":true,"href":"https:\/\/radionewsmisiones.ar\/site\/wp-json\/wp\/v2\/comments?post=1957"}],"version-history":[{"count":1,"href":"https:\/\/radionewsmisiones.ar\/site\/wp-json\/wp\/v2\/posts\/1957\/revisions"}],"predecessor-version":[{"id":1959,"href":"https:\/\/radionewsmisiones.ar\/site\/wp-json\/wp\/v2\/posts\/1957\/revisions\/1959"}],"wp:featuredmedia":[{"embeddable":true,"href":"https:\/\/radionewsmisiones.ar\/site\/wp-json\/wp\/v2\/media\/1960"}],"wp:attachment":[{"href":"https:\/\/radionewsmisiones.ar\/site\/wp-json\/wp\/v2\/media?parent=1957"}],"wp:term":[{"taxonomy":"category","embeddable":true,"href":"https:\/\/radionewsmisiones.ar\/site\/wp-json\/wp\/v2\/categories?post=1957"},{"taxonomy":"post_tag","embeddable":true,"href":"https:\/\/radionewsmisiones.ar\/site\/wp-json\/wp\/v2\/tags?post=1957"}],"curies":[{"name":"wp","href":"https:\/\/api.w.org\/{rel}","templated":true}]}}