{"id":1961,"date":"2022-09-16T21:08:57","date_gmt":"2022-09-17T00:08:57","guid":{"rendered":"https:\/\/radionewsmisiones.ar\/site\/?p=1961"},"modified":"2022-09-16T21:09:57","modified_gmt":"2022-09-17T00:09:57","slug":"hospital-escuela-profesionales-acompanan-la-sancion-de-la-ley-de-reconocimiento-de-la-medicina-tradicional-y-complementaria","status":"publish","type":"post","link":"https:\/\/radionewsmisiones.ar\/site\/provinciales\/hospital-escuela-profesionales-acompanan-la-sancion-de-la-ley-de-reconocimiento-de-la-medicina-tradicional-y-complementaria\/","title":{"rendered":"Hospital Escuela: Profesionales acompa\u00f1an la sanci\u00f3n  de la Ley de Reconocimiento de la Medicina Tradicional y Complementaria"},"content":{"rendered":"\n<p>Desde el Hospital Escuela de Agudos \u201cDr. Ram\u00f3n Madariaga\u201d informan que vienen implementando terapias alternativas como complemento a las terap\u00e9uticas tradicionales. Por lo que anuncian que realizan encuentros de meditaci\u00f3n con el personal administrativo, de la guardia y de enfermer\u00eda. La actividad se concreta en el marco del acompa\u00f1amiento a la sanci\u00f3n de Ley de Reconocimiento de la Medicina Tradicional y Complementaria, aprobada en la XII sesi\u00f3n ordinaria del ciclo legislativo 2022.<\/p>\n\n\n\n<p>Se trata de un marco regulatorio para las pr\u00e1cticas y terapias que no est\u00e1n enmarcadas dentro de la medicina convencional. Esto permitir\u00e1 a los profesionales de la salud ofrecer dichos tratamientos como complemento a los tradicionales.<\/p>\n\n\n\n<figure class=\"wp-block-embed is-type-video is-provider-youtube wp-block-embed-youtube wp-embed-aspect-16-9 wp-has-aspect-ratio\"><div class=\"wp-block-embed__wrapper\">\n<iframe loading=\"lazy\" title=\"Dra. Dalila Buhl - Gerente asistencial\" width=\"1110\" height=\"624\" src=\"https:\/\/www.youtube.com\/embed\/pJ77lXzUkOc?feature=oembed\" frameborder=\"0\" allow=\"accelerometer; autoplay; clipboard-write; encrypted-media; gyroscope; picture-in-picture\" allowfullscreen><\/iframe>\n<\/div><\/figure>\n\n\n\n<p><br>En este contexto, la Gerente Asistencial del Hospital Escuela, Dra. Dalila B\u00fchl, resalt\u00f3 que \u201cesta es una Ley que permite integrar las terapias tradicionales y complementarias junto con la medicina convencional\u201d.<br><br><br><\/p>\n\n\n\n<p>Por lo que detall\u00f3, en el Hospital Escuela \u201ctrabajamos en una medicina en la que todo lo que se hace est\u00e1 cient\u00edficamente probado; al tiempo que de la mano de terapias alternativas como el reiki, que trabaja la parte energ\u00e9tica y el yoga o la meditaci\u00f3n, que hacen muy bien a la gente, es posible integrar diferentes terap\u00e9uticas, siempre con la mirada en el bienestar del paciente\u201d.<\/p>\n\n\n\n<p>\u201cNosotros, junto con la Fundaci\u00f3n El Faro, que se acercaron de una manera totalmente colaborativa con el personal de salud del Hospital, comenzamos en marzo de este a\u00f1o, a trabajar con meditaci\u00f3n, con el personal administrativo, de guardia y de enfermer\u00eda, con una muy buena respuesta\u201d, mencion\u00f3.<br><br><br><\/p>\n\n\n\n<p>En relaci\u00f3n a la complementariedad de las pr\u00e1cticas alternativas coment\u00f3 \u201cnos parece interesante porque ayudan a bajar la ansiedad y a manejar mejor las emociones\u201d.<\/p>\n\n\n\n<p>Finalmente, agreg\u00f3 la Dra. Buhl, \u201cestas terapias, adem\u00e1s de ser optativas, no reemplazan el tratamiento convencional cient\u00edficamente probado, pero s\u00ed creemos importante poder trabajar con ellas porque ayudan a mejorar la parte emotiva del paciente y de los familiares para su recuperaci\u00f3n\u201d.<\/p>\n","protected":false},"excerpt":{"rendered":"<p>Desde el Hospital Escuela de Agudos &ldquo;Dr. Ram&oacute;n Madariaga&rdquo; informan que vienen implementando terapias alternativas como complemento a las terap&eacute;uticas tradicionales. Por lo que anuncian que realizan encuentros de meditaci&oacute;n&hellip; <\/p>\n","protected":false},"author":3,"featured_media":1962,"comment_status":"closed","ping_status":"open","sticky":false,"template":"","format":"standard","meta":{"_monsterinsights_skip_tracking":false,"_monsterinsights_sitenote_active":false,"_monsterinsights_sitenote_note":"","_monsterinsights_sitenote_category":0},"categories":[3],"tags":[24],"aioseo_notices":[],"_links":{"self":[{"href":"https:\/\/radionewsmisiones.ar\/site\/wp-json\/wp\/v2\/posts\/1961"}],"collection":[{"href":"https:\/\/radionewsmisiones.ar\/site\/wp-json\/wp\/v2\/posts"}],"about":[{"href":"https:\/\/radionewsmisiones.ar\/site\/wp-json\/wp\/v2\/types\/post"}],"author":[{"embeddable":true,"href":"https:\/\/radionewsmisiones.ar\/site\/wp-json\/wp\/v2\/users\/3"}],"replies":[{"embeddable":true,"href":"https:\/\/radionewsmisiones.ar\/site\/wp-json\/wp\/v2\/comments?post=1961"}],"version-history":[{"count":2,"href":"https:\/\/radionewsmisiones.ar\/site\/wp-json\/wp\/v2\/posts\/1961\/revisions"}],"predecessor-version":[{"id":1965,"href":"https:\/\/radionewsmisiones.ar\/site\/wp-json\/wp\/v2\/posts\/1961\/revisions\/1965"}],"wp:featuredmedia":[{"embeddable":true,"href":"https:\/\/radionewsmisiones.ar\/site\/wp-json\/wp\/v2\/media\/1962"}],"wp:attachment":[{"href":"https:\/\/radionewsmisiones.ar\/site\/wp-json\/wp\/v2\/media?parent=1961"}],"wp:term":[{"taxonomy":"category","embeddable":true,"href":"https:\/\/radionewsmisiones.ar\/site\/wp-json\/wp\/v2\/categories?post=1961"},{"taxonomy":"post_tag","embeddable":true,"href":"https:\/\/radionewsmisiones.ar\/site\/wp-json\/wp\/v2\/tags?post=1961"}],"curies":[{"name":"wp","href":"https:\/\/api.w.org\/{rel}","templated":true}]}}