{"id":1966,"date":"2022-09-16T21:11:47","date_gmt":"2022-09-17T00:11:47","guid":{"rendered":"https:\/\/radionewsmisiones.ar\/site\/?p=1966"},"modified":"2022-09-16T21:11:52","modified_gmt":"2022-09-17T00:11:52","slug":"el-programa-potenciar-formacion-que-capacita-a-trabajadores-y-trabajadoras-de-la-economia-popular-fue-declarado-de-interes-provincial%ef%bf%bc","status":"publish","type":"post","link":"https:\/\/radionewsmisiones.ar\/site\/provinciales\/el-programa-potenciar-formacion-que-capacita-a-trabajadores-y-trabajadoras-de-la-economia-popular-fue-declarado-de-interes-provincial%ef%bf%bc\/","title":{"rendered":"El  Programa Potenciar Formaci\u00f3n que capacita a trabajadores y trabajadoras  de la econom\u00eda popular fue declarado de Inter\u00e9s Provincial\ufffc"},"content":{"rendered":"\n<p>POSADAS. En todo el pa\u00eds se instrumenta el Programa Nacional de Inclusi\u00f3n Socio-Productivo y Desarrollo Local Potenciar Trabajo, L\u00ednea Formativa, que depende del Ministerio de Desarrollo Social de la Naci\u00f3n, y tiene como objetivo contribuir al mejoramiento de la empleabilidad y la generaci\u00f3n de nuevas propuestas productivas, a trav\u00e9s de la terminalidad educativa, la formaci\u00f3n y certificaci\u00f3n laboral, as\u00ed como la creaci\u00f3n, promoci\u00f3n y fortalecimiento de unidades productivas para promover la inclusi\u00f3n social plena.<\/p>\n\n\n\n<figure class=\"wp-block-image size-full\"><img loading=\"lazy\" width=\"852\" height=\"497\" src=\"https:\/\/radionewsmisiones.ar\/site\/wp-content\/uploads\/2022\/09\/El-diputado-Martin-Sereno-con-trabajadores-y-trabajadoras-que-se-capacitaron-en-el-Potenciar-Formacion.jpg\" alt=\"\" class=\"wp-image-1967\" srcset=\"https:\/\/radionewsmisiones.ar\/site\/wp-content\/uploads\/2022\/09\/El-diputado-Martin-Sereno-con-trabajadores-y-trabajadoras-que-se-capacitaron-en-el-Potenciar-Formacion.jpg 852w, https:\/\/radionewsmisiones.ar\/site\/wp-content\/uploads\/2022\/09\/El-diputado-Martin-Sereno-con-trabajadores-y-trabajadoras-que-se-capacitaron-en-el-Potenciar-Formacion-300x175.jpg 300w, https:\/\/radionewsmisiones.ar\/site\/wp-content\/uploads\/2022\/09\/El-diputado-Martin-Sereno-con-trabajadores-y-trabajadoras-que-se-capacitaron-en-el-Potenciar-Formacion-768x448.jpg 768w\" sizes=\"(max-width: 852px) 100vw, 852px\" \/><\/figure>\n\n\n\n<p>Como reconocimiento, el Bloque Parlamentario&nbsp;<em>Tierra, Techo y Trabajo<\/em>, que preside el diputado Mart\u00edn Sereno, solicit\u00f3 a trav\u00e9s de un proyecto que fue sancionado, la declaraci\u00f3n de Inter\u00e9s Provincial a la ejecuci\u00f3n del Programa Nacional L\u00ednea Formativa, conocida como \u201cPotenciar Formaci\u00f3n\u201d, que se realiza en Misiones e incluye m\u00e1s de 48 cursos y talleres de capacitaci\u00f3n, y beneficia a 2000 trabajadoras&nbsp;y trabajadores de la Uni\u00f3n de Trabajadores de la Econom\u00eda Popular (Utep), en m\u00e1s de 30 localidades, en zonas urbanas y rurales, organizados por el Movimiento Evita Misiones.<\/p>\n\n\n\n<p>El legislador destac\u00f3 que desde su espacio pol\u00edtico, propician la promoci\u00f3n de la inclusi\u00f3n&nbsp;socio productiva y el desarrollo local, que contribuye a mejorar el empleo y generar nuevas propuestas productivas mediante la finalizaci\u00f3n de estudios, formaci\u00f3n laboral y capacitaci\u00f3n en oficios.<\/p>\n\n\n\n<p><strong>\u00abPonemos en valor a un gran sector que produce\u00bb<\/strong><\/p>\n\n\n\n<p>El programa nacional busca el mejoramiento progresivo de ingresos de personas que est\u00e1n en situaci\u00f3n de vulnerabilidad social y econ\u00f3mica. Contempla&nbsp;una prestaci\u00f3n econ\u00f3mica individual, de percepci\u00f3n peri\u00f3dica y duraci\u00f3n determinada (Salario Social Complementario), y el otorgamiento de subsidios y cr\u00e9ditos para garantizar y promover la implementaci\u00f3n, desarrollo y fortalecimiento de proyectos socio productivos, laborales y comunitarios, y los y las titulares del programa deben participar en algunas de las l\u00edneas de las actividades previstas.<\/p>\n\n\n\n<p>\u00abEstas capacitaciones son una reivindicaci\u00f3n a la econom\u00eda popular, y est\u00e1n dirigidas a sus trabajadoras y trabajadores. Las ponemos en valor como una respuesta a quienes discriminan las actividades de un sector laboral al que reconocemos su magnitud, teniendo en cuenta que en la provincia hay m\u00e1s trabajadores de la econom\u00eda popular que en los sectores formales p\u00fablicos y privados\u00bb, asever\u00f3 Sereno.<br>En consecuencia llega la posibilidad de la formaci\u00f3n, conscientes de que cuando existe&nbsp;la posibilidad de&nbsp;aprender un oficio, \u00abnos estamos adue\u00f1ando de una herramienta, de saberes que nos sirven para toda la vida. Este es un paso m\u00e1s hacia m\u00e1s dignidad y la garant\u00eda de derechos\u00bb, afirm\u00f3 el legislador de&nbsp;<em>Tierra, Techo y Trabajo.<\/em><\/p>\n\n\n\n<p><strong>Las formaciones incluyen diversos oficios<\/strong><\/p>\n\n\n\n<p>En la provincia el Potenciar Formaci\u00f3n se desarrolla en zonas urbanas y rurales e incluye procesos de proyectos socio productivos, laborales o comunitarios y de terminalidad educativa.&nbsp;<\/p>\n\n\n\n<p>Las capacitaciones que est\u00e1n en marcha incluyen apicultura, introducci\u00f3n a la agroecolog\u00eda, alba\u00f1iler\u00eda, gastronom\u00eda, pasteler\u00eda y reposter\u00eda, confecci\u00f3n de indumentaria liviana y cortes; comunicaci\u00f3n popular educaci\u00f3n popular, fortalecimiento del trabajo socio comunitario, introducci\u00f3n al cuidado de las infancias; construcci\u00f3n y reparaci\u00f3n de alambrados; elaboraci\u00f3n de balanceados; huertas comunitarias; viveros e invernaderos; auxiliar en electricidad, inform\u00e1tica; manicura est\u00e9tica, peluquer\u00eda, reparaci\u00f3n t\u00e9cnicas de insumos inform\u00e1ticos, marroquiner\u00eda, serigraf\u00eda y estampado m\u00faltiple y fortalecimiento del trabajo socio comunitario, entre otros rubros.<\/p>\n\n\n\n<p>Estas actividades se realizan en Posadas, Garup\u00e1, Candelaria, Santa Ana, Andresito, Puerto Piray, San Vicente, Bonpland, Libertad, Pozo Azul, Bernardo de Irigoyen, Azara, Concepci\u00f3n de la Sierra, Itacaruar\u00e9, Campo Ram\u00f3n, Fracr\u00e1n; Roca, Colonia Polana, San Antonio, San Pedro, Delicia, Montecarlo, Puerto Esperanza, Jard\u00edn Am\u00e9rica, Campo Viera, Ap\u00f3stoles, Wanda,&nbsp;San Jos\u00e9 y Puerto Piray entre otros municipios, y a trav\u00e9s del Programa Potenciar Formaci\u00f3n, se constituyen en una valiosa herramienta para una mejor preparaci\u00f3n en oficios de las trabajadoras y trabajadores de la econom\u00eda popular que desarrollan sus labores en unidades productivas y micro emprendimientos.<\/p>\n","protected":false},"excerpt":{"rendered":"<p>POSADAS. En todo el pa&iacute;s se instrumenta el Programa Nacional de Inclusi&oacute;n Socio-Productivo y Desarrollo Local Potenciar Trabajo, L&iacute;nea Formativa, que depende del Ministerio de Desarrollo Social de la Naci&oacute;n,&hellip; <\/p>\n","protected":false},"author":3,"featured_media":1968,"comment_status":"closed","ping_status":"open","sticky":false,"template":"","format":"standard","meta":{"_monsterinsights_skip_tracking":false,"_monsterinsights_sitenote_active":false,"_monsterinsights_sitenote_note":"","_monsterinsights_sitenote_category":0},"categories":[3],"tags":[],"aioseo_notices":[],"_links":{"self":[{"href":"https:\/\/radionewsmisiones.ar\/site\/wp-json\/wp\/v2\/posts\/1966"}],"collection":[{"href":"https:\/\/radionewsmisiones.ar\/site\/wp-json\/wp\/v2\/posts"}],"about":[{"href":"https:\/\/radionewsmisiones.ar\/site\/wp-json\/wp\/v2\/types\/post"}],"author":[{"embeddable":true,"href":"https:\/\/radionewsmisiones.ar\/site\/wp-json\/wp\/v2\/users\/3"}],"replies":[{"embeddable":true,"href":"https:\/\/radionewsmisiones.ar\/site\/wp-json\/wp\/v2\/comments?post=1966"}],"version-history":[{"count":1,"href":"https:\/\/radionewsmisiones.ar\/site\/wp-json\/wp\/v2\/posts\/1966\/revisions"}],"predecessor-version":[{"id":1969,"href":"https:\/\/radionewsmisiones.ar\/site\/wp-json\/wp\/v2\/posts\/1966\/revisions\/1969"}],"wp:featuredmedia":[{"embeddable":true,"href":"https:\/\/radionewsmisiones.ar\/site\/wp-json\/wp\/v2\/media\/1968"}],"wp:attachment":[{"href":"https:\/\/radionewsmisiones.ar\/site\/wp-json\/wp\/v2\/media?parent=1966"}],"wp:term":[{"taxonomy":"category","embeddable":true,"href":"https:\/\/radionewsmisiones.ar\/site\/wp-json\/wp\/v2\/categories?post=1966"},{"taxonomy":"post_tag","embeddable":true,"href":"https:\/\/radionewsmisiones.ar\/site\/wp-json\/wp\/v2\/tags?post=1966"}],"curies":[{"name":"wp","href":"https:\/\/api.w.org\/{rel}","templated":true}]}}