{"id":1974,"date":"2022-09-17T00:23:45","date_gmt":"2022-09-17T03:23:45","guid":{"rendered":"https:\/\/radionewsmisiones.ar\/site\/?p=1974"},"modified":"2022-09-17T00:23:50","modified_gmt":"2022-09-17T03:23:50","slug":"se-realizaron-las-audiencias-publicas-para-postulantes-a-vocal-del-consejo-de-educacion-y-a-jueces-y-defensores-del-poder-judicial","status":"publish","type":"post","link":"https:\/\/radionewsmisiones.ar\/site\/provinciales\/se-realizaron-las-audiencias-publicas-para-postulantes-a-vocal-del-consejo-de-educacion-y-a-jueces-y-defensores-del-poder-judicial\/","title":{"rendered":"Se realizaron las audiencias p\u00fablicas para postulantes a vocal del Consejo de Educaci\u00f3n, y a jueces y defensores del Poder Judicial"},"content":{"rendered":"\n<p><strong>Fueron realizadas en una reuni\u00f3n extraordinaria por la Comisi\u00f3n de Poderes, Peticiones, Reglamento, Acuerdos y Biblioteca, seg\u00fan se establece en el Reglamento de la C\u00e1mara de Representantes. Luego de evaluar la idoneidad de los seis candidatos propuestos por el Poder Ejecutivo, los diputados emitieron dict\u00e1menes favorables que podr\u00e1n ser tratados en futuras sesiones parlamentarias.<\/strong><\/p>\n\n\n\n<figure class=\"wp-block-image size-large\"><img loading=\"lazy\" width=\"1024\" height=\"577\" src=\"https:\/\/radionewsmisiones.ar\/site\/wp-content\/uploads\/2022\/09\/DSC06675-1024x577.jpg\" alt=\"\" class=\"wp-image-1975\" srcset=\"https:\/\/radionewsmisiones.ar\/site\/wp-content\/uploads\/2022\/09\/DSC06675-1024x577.jpg 1024w, https:\/\/radionewsmisiones.ar\/site\/wp-content\/uploads\/2022\/09\/DSC06675-300x169.jpg 300w, https:\/\/radionewsmisiones.ar\/site\/wp-content\/uploads\/2022\/09\/DSC06675-768x433.jpg 768w, https:\/\/radionewsmisiones.ar\/site\/wp-content\/uploads\/2022\/09\/DSC06675-1536x866.jpg 1536w, https:\/\/radionewsmisiones.ar\/site\/wp-content\/uploads\/2022\/09\/DSC06675.jpg 1600w\" sizes=\"(max-width: 1024px) 100vw, 1024px\" \/><\/figure>\n\n\n\n<p>La profesora Laura Mabel Yagusiesco fue propuesta para el cargo de vocal de Educaci\u00f3n Inicial, Primaria, Primaria del Adulto y Especial del Consejo General de Educaci\u00f3n de la provincia.<\/p>\n\n\n\n<p>El abogado Gustavo Arnaldo Bernie es candidato a ocupar el cargo de juez del Tribunal Penal 1 de la Primera Circunscripci\u00f3n Judicial, con asiento en la ciudad de Posadas.<\/p>\n\n\n\n<p>Para el cargo de juez del Tribunal Penal 1 de la Segunda Circunscripci\u00f3n Judicial, con asiento en la ciudad de Ober\u00e1 fue propuesto el abogado Horacio Gabriel Paniagua.<\/p>\n\n\n\n<p>El abogado Pablo Federico Padula fue postulado para el cargo de defensor de C\u00e1mara de Apelaciones en lo Civil y Comercial, de la Primera Circunscripci\u00f3n Judicial, con asiento en la ciudad de Posadas.<\/p>\n\n\n\n<p>La abogada Yamila Mariel Gamez Rodriguez fue propuesta para el cargo de defensora oficial de Primera Instancia en lo Civil y Comercial 1, de la Segunda Circunscripci\u00f3n Judicial, con asiento en la ciudad de Ober\u00e1.<\/p>\n\n\n\n<p>Eber Idelin Ben\u00edtez, tambi\u00e9n abogado, es candidato a ocupar el cargo de defensor oficial de instrucci\u00f3n, de la Cuarta Circunscripci\u00f3n Judicial, con asiento en la ciudad de Jard\u00edn Am\u00e9rica.<\/p>\n\n\n\n<p>La presidenta de la comisi\u00f3n, diputada Rita N\u00fa\u00f1ez, explic\u00f3 que \u201clos postulantes vienen propuestos por el Poder Ejecutivo, a partir de&nbsp; una terna presentada por el Consejo de la Magistratura\u201d, para puestos en el Poder Judicial.<\/p>\n\n\n\n<p>Los candidatos \u201ccuentan el plan de acci\u00f3n y de qu\u00e9 se trata lo que tienen planificado en caso de acceder al cargo\u201d, coment\u00f3.<\/p>\n\n\n\n<p>Los diputados de la comisi\u00f3n, en tanto, realizan preguntas que \u201ctienen que ver con el perfil social y del funcionario ya m\u00e1s en contacto con la gente, porque eso es lo que buscamos desde esta C\u00e1mara, evaluamos la idoneidad para los cargos del Poder Judicial\u201d, afirm\u00f3.<\/p>\n\n\n\n<p>Y, para la vocal del Consejo General de Educaci\u00f3n, \u201ctiene que ver m\u00e1s con una cuesti\u00f3n de gesti\u00f3n dentro de este organismo colegiado\u201d, agreg\u00f3.<\/p>\n\n\n\n<p>Mencion\u00f3 que, en general, se trata de \u201cgente joven, y la parte de los abogados viene de la profesi\u00f3n liberal, de las localidades que van a ejercer\u201d.<\/p>\n\n\n\n<p>Ninguno de los candidatos recibi\u00f3 pedidos de impugnaci\u00f3n, as\u00ed como tampoco ten\u00edan antecedentes negativos relacionados con cuestiones de violencia de g\u00e9nero, antecedentes judiciales, tributarios ni disciplinarios.<\/p>\n","protected":false},"excerpt":{"rendered":"<p>Fueron realizadas en una reuni&oacute;n extraordinaria por la Comisi&oacute;n de Poderes, Peticiones, Reglamento, Acuerdos y Biblioteca, seg&uacute;n se establece en el Reglamento de la C&aacute;mara de Representantes. Luego de evaluar&hellip; <\/p>\n","protected":false},"author":3,"featured_media":1976,"comment_status":"closed","ping_status":"open","sticky":false,"template":"","format":"standard","meta":{"_monsterinsights_skip_tracking":false,"_monsterinsights_sitenote_active":false,"_monsterinsights_sitenote_note":"","_monsterinsights_sitenote_category":0},"categories":[3],"tags":[29],"aioseo_notices":[],"_links":{"self":[{"href":"https:\/\/radionewsmisiones.ar\/site\/wp-json\/wp\/v2\/posts\/1974"}],"collection":[{"href":"https:\/\/radionewsmisiones.ar\/site\/wp-json\/wp\/v2\/posts"}],"about":[{"href":"https:\/\/radionewsmisiones.ar\/site\/wp-json\/wp\/v2\/types\/post"}],"author":[{"embeddable":true,"href":"https:\/\/radionewsmisiones.ar\/site\/wp-json\/wp\/v2\/users\/3"}],"replies":[{"embeddable":true,"href":"https:\/\/radionewsmisiones.ar\/site\/wp-json\/wp\/v2\/comments?post=1974"}],"version-history":[{"count":1,"href":"https:\/\/radionewsmisiones.ar\/site\/wp-json\/wp\/v2\/posts\/1974\/revisions"}],"predecessor-version":[{"id":1977,"href":"https:\/\/radionewsmisiones.ar\/site\/wp-json\/wp\/v2\/posts\/1974\/revisions\/1977"}],"wp:featuredmedia":[{"embeddable":true,"href":"https:\/\/radionewsmisiones.ar\/site\/wp-json\/wp\/v2\/media\/1976"}],"wp:attachment":[{"href":"https:\/\/radionewsmisiones.ar\/site\/wp-json\/wp\/v2\/media?parent=1974"}],"wp:term":[{"taxonomy":"category","embeddable":true,"href":"https:\/\/radionewsmisiones.ar\/site\/wp-json\/wp\/v2\/categories?post=1974"},{"taxonomy":"post_tag","embeddable":true,"href":"https:\/\/radionewsmisiones.ar\/site\/wp-json\/wp\/v2\/tags?post=1974"}],"curies":[{"name":"wp","href":"https:\/\/api.w.org\/{rel}","templated":true}]}}