{"id":1978,"date":"2022-09-17T00:25:26","date_gmt":"2022-09-17T03:25:26","guid":{"rendered":"https:\/\/radionewsmisiones.ar\/site\/?p=1978"},"modified":"2022-09-17T00:28:29","modified_gmt":"2022-09-17T03:28:29","slug":"se-realizan-en-la-legislatura-las-novenas-jornadas-perinatologicas-por-una-maternidad-segura-y-centrada-en-la-familia","status":"publish","type":"post","link":"https:\/\/radionewsmisiones.ar\/site\/provinciales\/se-realizan-en-la-legislatura-las-novenas-jornadas-perinatologicas-por-una-maternidad-segura-y-centrada-en-la-familia\/","title":{"rendered":"Se realizan en la Legislatura las novenas Jornadas Perinatol\u00f3gicas: por una maternidad segura y centrada en la familia"},"content":{"rendered":"\n<p><strong>Este a\u00f1o el desaf\u00edo es la capacitaci\u00f3n y reflexi\u00f3n acerca de la interdisciplina como estrategia de atenci\u00f3n en salud perinatol\u00f3gica. El encuentro se desarrolla del 16 al 17 de septiembre, en el Sal\u00f3n de las Dos Constituciones del Parlamento Misionero, y re\u00fane a profesionales del sistema sanitario, estudiantes de carreras del \u00e1mbito de la salud y otras personas interesadas en la tem\u00e1tica.<\/strong><\/p>\n\n\n\n<figure class=\"wp-block-image size-large\"><img loading=\"lazy\" width=\"1024\" height=\"661\" src=\"https:\/\/radionewsmisiones.ar\/site\/wp-content\/uploads\/2022\/09\/DSC_0943-1024x661.jpg\" alt=\"\" class=\"wp-image-1980\" srcset=\"https:\/\/radionewsmisiones.ar\/site\/wp-content\/uploads\/2022\/09\/DSC_0943-1024x661.jpg 1024w, https:\/\/radionewsmisiones.ar\/site\/wp-content\/uploads\/2022\/09\/DSC_0943-300x194.jpg 300w, https:\/\/radionewsmisiones.ar\/site\/wp-content\/uploads\/2022\/09\/DSC_0943-768x496.jpg 768w, https:\/\/radionewsmisiones.ar\/site\/wp-content\/uploads\/2022\/09\/DSC_0943.jpg 1080w\" sizes=\"(max-width: 1024px) 100vw, 1024px\" \/><\/figure>\n\n\n\n<p>En el primer d\u00eda de jornada se tratar\u00e1n los temas, abordaje gen\u00e9tico en perinatolog\u00eda; hidropes\u00eda fetal: diagn\u00f3stico y manejo en el Hospital Materno Neonatal (HMN); debate sobre la maduraci\u00f3n pulmonar fetal en prematuros tard\u00edos; consultorio de seguimiento de prematuro de alto riesgo; logros, metas y barreras en fonoaudiolog\u00eda y otorrinolaringolog\u00eda &nbsp;en el HMN; atenci\u00f3n odontol\u00f3gica en beb\u00e9s con Fisura Labio-alv\u00e9olo Palatina (FLAP); &nbsp;manejo odontol\u00f3gico de la embarazada dentro de un sistema hospitalario; interculturalidad: gu\u00edas de atenci\u00f3n; y proceso de calidad como pilar de atenci\u00f3n.<\/p>\n\n\n\n<p>Para el segundo d\u00eda de actividad trabajar\u00e1n la transmisi\u00f3n vertical HIV y VDRL; derechos y salud de identidad de g\u00e9nero; c\u00e1ncer de mama y embarazo, atenci\u00f3n y manejo interdisciplinario; Plan de Informaci\u00f3n Perinatal (Materapp); y duelo perinatal.<\/p>\n\n\n\n<p>El acto de apertura estuvo encabezada por el presidente del bloque de diputados renovadores Mart\u00edn Cesino; la presidente de la comisi\u00f3n organizadora y tocoginec\u00f3loga, Gabriela Mattos; el gerente asistencial del HMN, David Halac; el ministro de Salud de la provincia, Oscar Alarc\u00f3n; y el vicegobernador, Carlos Arce.<\/p>\n\n\n\n<p>En la bienvenida a los asistentes el diputado Cesino destac\u00f3 la importancia del trabajo en equipos interdisciplinarios y la interconsulta, adem\u00e1s de la empat\u00eda y la calidez en la atenci\u00f3n para garantizar servicios de calidad.<\/p>\n\n\n\n<p>Asimismo mencion\u00f3 algunas de las leyes sancionadas en el \u00faltimo tiempo para el fortalecimiento del sistema sanitario, entre ellas: \u201cel modelo de maternidad segura y centrada en la familia con enfoque intercultural; el hospital amigo Mbya guaran\u00ed; otras relacionadas con la pesquisa neonatal; hipertensi\u00f3n en el embarazo,&nbsp; diabetes gestacional; o la semana del prematuro\u201d. \u201cTodas deben llegar al \u00fanico y leg\u00edtimo beneficiario que es la gente\u201d, dijo.<\/p>\n\n\n\n<p>A su turno la tocoginec\u00f3loga Gabriela Mattos agradeci\u00f3 a las personas que \u201cacompa\u00f1aron durante mucho tiempo\u201d la realizaci\u00f3n de las jornadas, a los nuevos,&nbsp; y a quienes \u201cgenerosamente colaboran para la concreci\u00f3n del evento\u201d pensado para \u201cincorporar nuevos conocimientos y experiencias en perinatolog\u00eda\u201d.<\/p>\n\n\n\n<p>M\u00e1s adelante el m\u00e9dico Halac consider\u00f3 que los temas de las jornadas \u201cno son de obstetricia ni de neonatolog\u00eda, sino transversales a todas las disciplinas interesadas y movilizadas en una maternidad centrada en la familia\u201d.<\/p>\n\n\n\n<p>Seguidamente el ministro de Salud enfatiz\u00f3 en las incumbencias de la perinatolog\u00eda y la relevancia del servicio para que la provincia \u201ctenga las tasas de mortalidad perinatal, neonatal e infantil m\u00e1s bajas de Argentina\u201d.<\/p>\n\n\n\n<p>\u201cSomos vanguardia en atenci\u00f3n en las maternidades y tenemos la maternidad m\u00e1s importante de la regi\u00f3n\u201d, manifest\u00f3.<\/p>\n\n\n\n<p>Por \u00faltimo, el vicegobernador Arce record\u00f3 que de 91 leyes presentadas en 2021, 33 corresponden a salud \u201clo que contribuye al camino fruct\u00edfero de indicadores\u201d.<\/p>\n\n\n\n<p>\u201cLas decisiones pol\u00edticas que nacen de la C\u00e1mara de Representantes, y dan herramientas al Poder Ejecutivo para transformar la salud de la provincia, son fundamentales\u201d, expuso Arce.<\/p>\n","protected":false},"excerpt":{"rendered":"<p>Este a&ntilde;o el desaf&iacute;o es la capacitaci&oacute;n y reflexi&oacute;n acerca de la interdisciplina como estrategia de atenci&oacute;n en salud perinatol&oacute;gica. El encuentro se desarrolla del 16 al 17 de septiembre,&hellip; <\/p>\n","protected":false},"author":3,"featured_media":1979,"comment_status":"closed","ping_status":"open","sticky":false,"template":"","format":"standard","meta":{"_monsterinsights_skip_tracking":false,"_monsterinsights_sitenote_active":false,"_monsterinsights_sitenote_note":"","_monsterinsights_sitenote_category":0},"categories":[3],"tags":[7],"aioseo_notices":[],"_links":{"self":[{"href":"https:\/\/radionewsmisiones.ar\/site\/wp-json\/wp\/v2\/posts\/1978"}],"collection":[{"href":"https:\/\/radionewsmisiones.ar\/site\/wp-json\/wp\/v2\/posts"}],"about":[{"href":"https:\/\/radionewsmisiones.ar\/site\/wp-json\/wp\/v2\/types\/post"}],"author":[{"embeddable":true,"href":"https:\/\/radionewsmisiones.ar\/site\/wp-json\/wp\/v2\/users\/3"}],"replies":[{"embeddable":true,"href":"https:\/\/radionewsmisiones.ar\/site\/wp-json\/wp\/v2\/comments?post=1978"}],"version-history":[{"count":1,"href":"https:\/\/radionewsmisiones.ar\/site\/wp-json\/wp\/v2\/posts\/1978\/revisions"}],"predecessor-version":[{"id":1981,"href":"https:\/\/radionewsmisiones.ar\/site\/wp-json\/wp\/v2\/posts\/1978\/revisions\/1981"}],"wp:featuredmedia":[{"embeddable":true,"href":"https:\/\/radionewsmisiones.ar\/site\/wp-json\/wp\/v2\/media\/1979"}],"wp:attachment":[{"href":"https:\/\/radionewsmisiones.ar\/site\/wp-json\/wp\/v2\/media?parent=1978"}],"wp:term":[{"taxonomy":"category","embeddable":true,"href":"https:\/\/radionewsmisiones.ar\/site\/wp-json\/wp\/v2\/categories?post=1978"},{"taxonomy":"post_tag","embeddable":true,"href":"https:\/\/radionewsmisiones.ar\/site\/wp-json\/wp\/v2\/tags?post=1978"}],"curies":[{"name":"wp","href":"https:\/\/api.w.org\/{rel}","templated":true}]}}