{"id":1982,"date":"2022-09-17T00:27:12","date_gmt":"2022-09-17T03:27:12","guid":{"rendered":"https:\/\/radionewsmisiones.ar\/site\/?p=1982"},"modified":"2022-09-17T00:27:19","modified_gmt":"2022-09-17T03:27:19","slug":"legislatura-se-realizo-la-apertura-del-curso-virtual-de-finanzas-para-formadores","status":"publish","type":"post","link":"https:\/\/radionewsmisiones.ar\/site\/provinciales\/legislatura-se-realizo-la-apertura-del-curso-virtual-de-finanzas-para-formadores\/","title":{"rendered":"Legislatura: Se realiz\u00f3 la apertura del curso virtual de finanzas para formadores"},"content":{"rendered":"\n<p><strong>Participaron de la actividad, la vicepresidenta de la Comisi\u00f3n de Educaci\u00f3n, Sonia Rojas Decut; el ministro de Hacienda, Adolfo Safr\u00e1n, el ministro de Desarrollo Social, Fernando Meza; la subsecretaria de Silicon Misiones, Siomara Vitto; y autoridades de los organismos involucrados.<\/strong><\/p>\n\n\n\n<figure class=\"wp-block-image size-large\"><img loading=\"lazy\" width=\"1024\" height=\"577\" src=\"https:\/\/radionewsmisiones.ar\/site\/wp-content\/uploads\/2022\/09\/DSC07149-1024x577.jpg\" alt=\"\" class=\"wp-image-1984\" srcset=\"https:\/\/radionewsmisiones.ar\/site\/wp-content\/uploads\/2022\/09\/DSC07149-1024x577.jpg 1024w, https:\/\/radionewsmisiones.ar\/site\/wp-content\/uploads\/2022\/09\/DSC07149-300x169.jpg 300w, https:\/\/radionewsmisiones.ar\/site\/wp-content\/uploads\/2022\/09\/DSC07149-768x433.jpg 768w, https:\/\/radionewsmisiones.ar\/site\/wp-content\/uploads\/2022\/09\/DSC07149-1536x866.jpg 1536w, https:\/\/radionewsmisiones.ar\/site\/wp-content\/uploads\/2022\/09\/DSC07149.jpg 1600w\" sizes=\"(max-width: 1024px) 100vw, 1024px\" \/><\/figure>\n\n\n\n<p>Se trata de un programa del Banco Central de la Rep\u00fablica Argentina, que se implementa en la provincia a trav\u00e9s de la Legislatura y el Ministerio de Hacienda de la provincia, y del Instituto Nacional de la Administraci\u00f3n P\u00fablica.<\/p>\n\n\n\n<p>Rojas Decut explic\u00f3 que, \u201cel programa Finanzas Cerca est\u00e1 encuadrado en el convenio-marco que ha firmado el Gobierno de la provincia a trav\u00e9s del Ministerio de Hacienda con el Banco Central; \u00e9ste es el segundo programa, el primero fue Educaci\u00f3n Financiera en las aulas, ya est\u00e1 en curso, ha sido un \u00e9xito\u201d.<\/p>\n\n\n\n<p>En el caso de este programa en particular, \u201cFinanzas Cerca apunta al desarrollo de estrategias educativas para promover la inclusi\u00f3n digital\u201d, expres\u00f3. \u201cPara ello estamos trabajando a trav\u00e9s de alianzas estrat\u00e9gicas con el IPLyC, el Ministerio de Desarrollo Social, Silicon Misiones, la Facultad de Ciencias Econ\u00f3micas de la Universidad Nacional de Misiones, el Parque Industrial y otros organismos\u201d,<\/p>\n\n\n\n<p>\u201cVan a participar primero de este programa formadores que despu\u00e9s van a ser facilitadores que llevar\u00e1n adelante talleres con este programa de inclusi\u00f3n digital a un p\u00fablico sectorizado\u201d, se\u00f1al\u00f3.<\/p>\n\n\n\n<p>Inform\u00f3 que \u201cel Ministerio de Hacienda es el &nbsp;impulsor de este programa, que tiene una gran demanda y es un eje tem\u00e1tico importante\u201d.<\/p>\n\n\n\n<p>Tambi\u00e9n coment\u00f3 que \u201cla capacitaci\u00f3n se llevar\u00e1 a cabo a trav\u00e9s de la plataforma del INAP, que es el Instituto Nacional de Administraci\u00f3n P\u00fablica\u201d.<\/p>\n\n\n\n<p>Por su parte, Safr\u00e1n dijo que \u201ces un programa que se puso en marcha a partir de la ley que sancion\u00f3 la legislatura provincial, con la iniciativa de vanguardia que tiene la provincia de Misiones de la mano del ingeniero Carlos Rovira, y aprovechamos que hay un programa que tiene el Banco Central de la Rep\u00fablica Argentina, tambi\u00e9n para poder trabajar en las cuestiones vinculadas a la educaci\u00f3n y la inclusi\u00f3n financiera\u201d.<\/p>\n\n\n\n<p>\u201cEstamos recibiendo las listas de los distintos organismos y estimamos que vamos a tener un n\u00famero cercano a los mil formadores\u201d, anticip\u00f3.<\/p>\n\n\n\n<p>Tambi\u00e9n aclar\u00f3 que \u201cson cursos virtuales que se pueden realizar en cualquier horario o d\u00eda, porque se hacen a trav\u00e9s de videotutoriales y luego se tiene que hacer un examen para rendir y aprobar el curso de formador\u201d.<\/p>\n\n\n\n<p>Finalmente, inform\u00f3 que \u201carrancan el 26 de septiembre y no tienen plazo de duraci\u00f3n, sino que cada uno lo puede ir desarrollando en el tiempo que pueda\u201d.<\/p>\n\n\n\n<p>Los m\u00f3dulos del curso se refieren a: el Banco Central y el sistema financiero, planificaci\u00f3n financiera y ahorro, cuentas bancarias, canales electr\u00f3nicos y medios de pago, cr\u00e9dito y endeudamiento, y emprendedurismo.<\/p>\n\n\n\n<p>El prop\u00f3sito de la educaci\u00f3n financiera es facilitar oportunidades para que las personas adquieran conocimientos, desarrollen actividades y actitudes necesarias para conocer, comparar y seleccionar productos y servicios financieros que se adapten a sus necesidades y posibilidades.<\/p>\n","protected":false},"excerpt":{"rendered":"<p>Participaron de la actividad, la vicepresidenta de la Comisi&oacute;n de Educaci&oacute;n, Sonia Rojas Decut; el ministro de Hacienda, Adolfo Safr&aacute;n, el ministro de Desarrollo Social, Fernando Meza; la subsecretaria de&hellip; <\/p>\n","protected":false},"author":3,"featured_media":1983,"comment_status":"closed","ping_status":"open","sticky":false,"template":"","format":"standard","meta":{"_monsterinsights_skip_tracking":false,"_monsterinsights_sitenote_active":false,"_monsterinsights_sitenote_note":"","_monsterinsights_sitenote_category":0},"categories":[3],"tags":[7],"aioseo_notices":[],"_links":{"self":[{"href":"https:\/\/radionewsmisiones.ar\/site\/wp-json\/wp\/v2\/posts\/1982"}],"collection":[{"href":"https:\/\/radionewsmisiones.ar\/site\/wp-json\/wp\/v2\/posts"}],"about":[{"href":"https:\/\/radionewsmisiones.ar\/site\/wp-json\/wp\/v2\/types\/post"}],"author":[{"embeddable":true,"href":"https:\/\/radionewsmisiones.ar\/site\/wp-json\/wp\/v2\/users\/3"}],"replies":[{"embeddable":true,"href":"https:\/\/radionewsmisiones.ar\/site\/wp-json\/wp\/v2\/comments?post=1982"}],"version-history":[{"count":1,"href":"https:\/\/radionewsmisiones.ar\/site\/wp-json\/wp\/v2\/posts\/1982\/revisions"}],"predecessor-version":[{"id":1985,"href":"https:\/\/radionewsmisiones.ar\/site\/wp-json\/wp\/v2\/posts\/1982\/revisions\/1985"}],"wp:featuredmedia":[{"embeddable":true,"href":"https:\/\/radionewsmisiones.ar\/site\/wp-json\/wp\/v2\/media\/1983"}],"wp:attachment":[{"href":"https:\/\/radionewsmisiones.ar\/site\/wp-json\/wp\/v2\/media?parent=1982"}],"wp:term":[{"taxonomy":"category","embeddable":true,"href":"https:\/\/radionewsmisiones.ar\/site\/wp-json\/wp\/v2\/categories?post=1982"},{"taxonomy":"post_tag","embeddable":true,"href":"https:\/\/radionewsmisiones.ar\/site\/wp-json\/wp\/v2\/tags?post=1982"}],"curies":[{"name":"wp","href":"https:\/\/api.w.org\/{rel}","templated":true}]}}